{"id":39242,"date":"2018-09-20T14:54:57","date_gmt":"2018-09-20T19:54:57","guid":{"rendered":"http:\/\/www.evafm.net\/sitio\/?p=39242"},"modified":"2018-09-20T14:54:57","modified_gmt":"2018-09-20T19:54:57","slug":"daddy-yankee-cancela-sus-conciertos-en-chile","status":"publish","type":"post","link":"https:\/\/www.evafm.net\/sitio\/daddy-yankee-cancela-sus-conciertos-en-chile\/","title":{"rendered":"Daddy Yankee cancela sus conciertos en Chile"},"content":{"rendered":"<p>SAN JUAN.<\/p>\n<p class=\"letter-capitular\">El Cartel Records y la representaci\u00f3n legal del cantante y productor\u00a0<strong>Daddy Yankee<\/strong>\u00a0anunci\u00f3 hoy que los conciertos previstos para los d\u00edas 5, 6 y 7 de octubre en Chile, en Santiago, Concepci\u00f3n y Coquimbo, respectivamente, est\u00e1n cancelados \u00abpor incumplimiento de contrato por parte de la firma Empire Digital Entertainment\u00bb que, por ello, ha sido demandada.<\/p>\n<p>El artista no podr\u00e1 presentarse debido a que la empresa \u00abno cumpli\u00f3 con los t\u00e9rminos de pago estipulados en el contrato, entre otros incumplimientos\u00bb, inform\u00f3 la oficina de relaciones p\u00fablicas y representaci\u00f3n del artista Perfect Partners en un comunicado.<\/p>\n<p>Adem\u00e1s, se\u00f1al\u00f3 la mencionada fuente, la \u00abfirma productora anuncio un tercer concierto del artista para Concepci\u00f3n, Chile, que estaba sujeto a unas cl\u00e1usulas econ\u00f3micas que tampoco se cumplieron\u00bb.<\/p>\n<p>El int\u00e9rprete de\u00a0<em>Dura<\/em>, a\u00f1adi\u00f3, \u00ablamenta esta situaci\u00f3n inesperada\u00bb y espera poder regresar ante sus fieles seguidores en Chile tan pronto se resuelva est\u00e1 controversia en los foros pertinentes.<\/p>\n<p>hch<\/p>\n<p>Fuente: excelsior.com.mx<\/p>\n<div class=\"gsp_post_data\" \r\n\t            data-post_type=\"post\" \r\n\t            data-cat=\"farandula-internacional\" \r\n\t            data-modified=\"120\"\r\n\t            data-created=\"1537455297\"\r\n\t            data-title=\"Daddy Yankee cancela sus conciertos en Chile\" \r\n\t            data-home=\"https:\/\/www.evafm.net\/sitio\"><\/div>","protected":false},"excerpt":{"rendered":"<p>SAN JUAN. El Cartel Records y la representaci\u00f3n legal del cantante y productor\u00a0Daddy Yankee\u00a0anunci\u00f3 hoy que los conciertos previstos para los d\u00edas 5, 6 y 7 de octubre en Chile, en Santiago, Concepci\u00f3n y Coquimbo, respectivamente, est\u00e1n cancelados \u00abpor incumplimiento de contrato por parte de la firma Empire Digital Entertainment\u00bb que, por ello, ha sido&#8230;<\/p>\n","protected":false},"author":5,"featured_media":39243,"comment_status":"closed","ping_status":"open","sticky":false,"template":"","format":"standard","meta":{"_joinchat":[],"footnotes":""},"categories":[1346],"tags":[],"class_list":["post-39242","post","type-post","status-publish","format-standard","has-post-thumbnail","hentry","category-farandula-internacional","have-post-thumb"],"_links":{"self":[{"href":"https:\/\/www.evafm.net\/sitio\/wp-json\/wp\/v2\/posts\/39242","targetHints":{"allow":["GET"]}}],"collection":[{"href":"https:\/\/www.evafm.net\/sitio\/wp-json\/wp\/v2\/posts"}],"about":[{"href":"https:\/\/www.evafm.net\/sitio\/wp-json\/wp\/v2\/types\/post"}],"author":[{"embeddable":true,"href":"https:\/\/www.evafm.net\/sitio\/wp-json\/wp\/v2\/users\/5"}],"replies":[{"embeddable":true,"href":"https:\/\/www.evafm.net\/sitio\/wp-json\/wp\/v2\/comments?post=39242"}],"version-history":[{"count":1,"href":"https:\/\/www.evafm.net\/sitio\/wp-json\/wp\/v2\/posts\/39242\/revisions"}],"predecessor-version":[{"id":39244,"href":"https:\/\/www.evafm.net\/sitio\/wp-json\/wp\/v2\/posts\/39242\/revisions\/39244"}],"wp:featuredmedia":[{"embeddable":true,"href":"https:\/\/www.evafm.net\/sitio\/wp-json\/wp\/v2\/media\/39243"}],"wp:attachment":[{"href":"https:\/\/www.evafm.net\/sitio\/wp-json\/wp\/v2\/media?parent=39242"}],"wp:term":[{"taxonomy":"category","embeddable":true,"href":"https:\/\/www.evafm.net\/sitio\/wp-json\/wp\/v2\/categories?post=39242"},{"taxonomy":"post_tag","embeddable":true,"href":"https:\/\/www.evafm.net\/sitio\/wp-json\/wp\/v2\/tags?post=39242"}],"curies":[{"name":"wp","href":"https:\/\/api.w.org\/{rel}","templated":true}]}}