{"id":39294,"date":"2018-09-21T12:05:28","date_gmt":"2018-09-21T17:05:28","guid":{"rendered":"http:\/\/www.evafm.net\/sitio\/?p=39294"},"modified":"2018-09-21T12:05:28","modified_gmt":"2018-09-21T17:05:28","slug":"hermano-de-cristian-castro-le-pide-al-cantante-que-apoye-a-su-padre","status":"publish","type":"post","link":"https:\/\/www.evafm.net\/sitio\/hermano-de-cristian-castro-le-pide-al-cantante-que-apoye-a-su-padre\/","title":{"rendered":"Hermano de Cristian Castro le pide al cantante que \u201capoye\u201d a su padre"},"content":{"rendered":"<p>Tras darse a conocer la noticia que Manuel \u2018El Loco\u2019 Vald\u00e9s fue internado en un hospital por un posible tumor, uno de sus hijos envi\u00f3 un mensaje a su hermano Cristian Castro para que acudiera a \u201capoyar\u201d a su padre.<\/p>\n<p>En entrevista para el programa\u00a0Suelta La Sopa, Marcos, hijo del comediante, dedic\u00f3 algunas palabras para \u2018El Gallito feliz\u2019 sobre la dif\u00edcil situaci\u00f3n que enfrenta el padre de ambos.<\/p>\n<p>En el video que se encuentra en el canal de\u00a0youtube\u00a0del programa de Telemundo, Marcos comenz\u00f3 diciendo: \u201cMi hermanito lindo date una vuelta a ver a tu viejo\u201d .<\/p>\n<p>Manuel \u201cEl Loco\u201d Vald\u00e9s no pas\u00f3 por terapia intensiva tras la operaci\u00f3n en uno de sus ojos a la que se someti\u00f3 el jueves.<\/p>\n<p>Iv\u00e1n Vald\u00e9s, nieto del comediante, inform\u00f3 que su abuelo sali\u00f3 muy bien del procedimiento m\u00e9dico.<\/p>\n<p>\u201cQue no pase por terapia intensiva significa que \u00e9l sali\u00f3 muy bien. Lo van a subir a su cuarto. Como se detect\u00f3 a tiempo, los doctores pudieron atenderlo de la mejor forma\u201d, explic\u00f3 v\u00eda telef\u00f3nica.<\/p>\n<p>El comediante pasar\u00e1 algunos d\u00edas en el Instituto Nacional de Cancerolog\u00eda, en donde recibe tratamiento, el cual es pagado por la Asociaci\u00f3n Nacional de Actores.<\/p>\n<p>\u201cEl Loco\u201d Vald\u00e9s estaba cerrando el ojo derecho, lo cual llam\u00f3 la atenci\u00f3n de los m\u00e9dicos. Al parecer hab\u00eda una \u201cbolita\u201d que estaba obstruyendo el nervio \u00f3ptico y por eso decidieron intervenirlo.<\/p>\n<p><iframe title=\"Hermano de Cristian Castro le pide que apoye a su padre | Suelta La Sopa | Entretenimiento\" width=\"1200\" height=\"675\" src=\"https:\/\/www.youtube.com\/embed\/19zEXd4GxcA?feature=oembed\" frameborder=\"0\" allow=\"accelerometer; autoplay; clipboard-write; encrypted-media; gyroscope; picture-in-picture; web-share\" referrerpolicy=\"strict-origin-when-cross-origin\" allowfullscreen><\/iframe><\/p>\n<p>https:\/\/www.instagram.com\/p\/BHUNrQKAszp\/?utm_source=ig_web_copy_link<\/p>\n<p>https:\/\/www.instagram.com\/p\/BHzS6ffASfi\/?utm_source=ig_web_copy_link<\/p>\n<p>https:\/\/www.instagram.com\/p\/BMrTvybgT95\/?utm_source=ig_web_copy_link<\/p>\n<p>Fuente: mundohispanico.com &#8211; instagram.com<\/p>\n<div class=\"gsp_post_data\" \r\n\t            data-post_type=\"post\" \r\n\t            data-cat=\"farandula-internacional\" \r\n\t            data-modified=\"120\"\r\n\t            data-created=\"1537531528\"\r\n\t            data-title=\"Hermano de Cristian Castro le pide al cantante que \u201capoye\u201d a su padre\" \r\n\t            data-home=\"https:\/\/www.evafm.net\/sitio\"><\/div>","protected":false},"excerpt":{"rendered":"<p>Tras darse a conocer la noticia que Manuel \u2018El Loco\u2019 Vald\u00e9s fue internado en un hospital por un posible tumor, uno de sus hijos envi\u00f3 un mensaje a su hermano Cristian Castro para que acudiera a \u201capoyar\u201d a su padre. En entrevista para el programa\u00a0Suelta La Sopa, Marcos, hijo del comediante, dedic\u00f3 algunas palabras para&#8230;<\/p>\n","protected":false},"author":5,"featured_media":39299,"comment_status":"closed","ping_status":"open","sticky":false,"template":"","format":"standard","meta":{"_joinchat":[],"footnotes":""},"categories":[1346],"tags":[],"class_list":["post-39294","post","type-post","status-publish","format-standard","has-post-thumbnail","hentry","category-farandula-internacional","have-post-thumb"],"_links":{"self":[{"href":"https:\/\/www.evafm.net\/sitio\/wp-json\/wp\/v2\/posts\/39294","targetHints":{"allow":["GET"]}}],"collection":[{"href":"https:\/\/www.evafm.net\/sitio\/wp-json\/wp\/v2\/posts"}],"about":[{"href":"https:\/\/www.evafm.net\/sitio\/wp-json\/wp\/v2\/types\/post"}],"author":[{"embeddable":true,"href":"https:\/\/www.evafm.net\/sitio\/wp-json\/wp\/v2\/users\/5"}],"replies":[{"embeddable":true,"href":"https:\/\/www.evafm.net\/sitio\/wp-json\/wp\/v2\/comments?post=39294"}],"version-history":[{"count":1,"href":"https:\/\/www.evafm.net\/sitio\/wp-json\/wp\/v2\/posts\/39294\/revisions"}],"predecessor-version":[{"id":39300,"href":"https:\/\/www.evafm.net\/sitio\/wp-json\/wp\/v2\/posts\/39294\/revisions\/39300"}],"wp:featuredmedia":[{"embeddable":true,"href":"https:\/\/www.evafm.net\/sitio\/wp-json\/wp\/v2\/media\/39299"}],"wp:attachment":[{"href":"https:\/\/www.evafm.net\/sitio\/wp-json\/wp\/v2\/media?parent=39294"}],"wp:term":[{"taxonomy":"category","embeddable":true,"href":"https:\/\/www.evafm.net\/sitio\/wp-json\/wp\/v2\/categories?post=39294"},{"taxonomy":"post_tag","embeddable":true,"href":"https:\/\/www.evafm.net\/sitio\/wp-json\/wp\/v2\/tags?post=39294"}],"curies":[{"name":"wp","href":"https:\/\/api.w.org\/{rel}","templated":true}]}}