{"id":39301,"date":"2018-09-21T12:53:31","date_gmt":"2018-09-21T17:53:31","guid":{"rendered":"http:\/\/www.evafm.net\/sitio\/?p=39301"},"modified":"2018-09-21T12:53:31","modified_gmt":"2018-09-21T17:53:31","slug":"los-dodgers-inmortalizan-al-ecuatoriano-jaime-jarrin-en-su-estadio","status":"publish","type":"post","link":"https:\/\/www.evafm.net\/sitio\/los-dodgers-inmortalizan-al-ecuatoriano-jaime-jarrin-en-su-estadio\/","title":{"rendered":"Los Dodgers inmortalizan al ecuatoriano Jaime Jarr\u00edn en su estadio"},"content":{"rendered":"<p>El periodista ecuatoriano que hace seis d\u00e9cadas crey\u00f3 que \u201cno estaba listo\u201d para ponerse \u201cante un micr\u00f3fono\u201d para narrar b\u00e9isbol, cuando alistaba su brillante andadura en las Grandes Ligas, es ya desde hace largo tiempo uno de los relatores m\u00e1s respetados y de m\u00e1s prestigio en Estados Unidos.<\/p>\n<p>Con su condici\u00f3n de leyenda asegurada al ingresar al Sal\u00f3n de la Fama de las Mayores hoy\u00a0<strong>Jaime Jarr\u00edn<\/strong>, considerado La voz en espa\u00f1ol de los mundialmente c\u00e9lebres\u00a0<strong>Dodgers\u00a0<\/strong>(a los que se uni\u00f3 en 1958), recibir\u00e1 un homenaje del equipo de Los \u00c1ngeles.<\/p>\n<p><strong>Ser\u00e1 el duod\u00e9cimo miembro del Anillo de Honor<\/strong>.<\/p>\n<p>El nombre del tricolor, nacido en Cayambe (1935), estar\u00e1 en el Dodger Stadium eternamente a la vista del p\u00fablico junto al de figuras estelares del deporte universal como Jackie Robinson, Roy Campanella, Sandy Koufax, Tommy Lasorda y otros astros.<\/p>\n<p>Comparable en su profesi\u00f3n a lo que en las canchas de f\u00fatbol y tenis y en las pistas atl\u00e9ticas representaron para el deporte nacional\u00a0<strong>Alberto Spencer<\/strong>,\u00a0<strong>Pancho Segura\u00a0<\/strong>y\u00a0<strong>Jefferson P\u00e9rez<\/strong>, Jarr\u00edn \u2013admirado y mencionado como \u201cnuestro\u201d por narradores de Venezuela, M\u00e9xico, Puerto Rico, Panam\u00e1, Rep\u00fablica Dominicana, Cuba y otros pa\u00edses donde el b\u00e9isbol es una tradici\u00f3n\u2013 habl\u00f3 con\u00a0<strong>Radio City<\/strong>\u00a0del reconocimiento de hoy, antes del Dodgers vs. Padres de San Diego, partido que se iniciar\u00e1 a las 21:10.<\/p>\n<p><strong>\u00bfQu\u00e9 representa este nuevo homenaje de los Dodgers?<\/strong><\/p>\n<p>Espero que sea una noche memorable. Dios ha sido muy bondadoso conmigo.<\/p>\n<p>Este ser\u00e1 uno de tres reconocimientos muy especiales para m\u00ed.<\/p>\n<p>El que me dio el Gobierno Nacional cuando Rodrigo Borja era presidente est\u00e1 a la cabeza de todos porque vino de mi pa\u00eds.<\/p>\n<p>Luego el ingreso al Sal\u00f3n de la Fama, hace 20 a\u00f1os.<\/p>\n<p>Fue muy especial porque es como un Premio Nobel al no haber distinci\u00f3n m\u00e1s grande que esa en nuestra actividad.<\/p>\n<p>Fui el primero de habla hispana que en vida lleg\u00f3 ah\u00ed.<\/p>\n<p>Y ahora viene uno de los Dodgers, una organizaci\u00f3n extraordinaria que marcha a la cabeza en muchos aspectos.<\/p>\n<p>Por ejemplo, despej\u00f3 los senderos en cosas nunca antes hechas en las Grandes Ligas, como derribar la barrera racial.<\/p>\n<p>Y fueron los primeros en tener coberturas biling\u00fces cuando llegaron a<\/p>\n<p>Los \u00c1ngeles. Que tengan la gentileza de incrustar mi nombre en el Anillo de Honor en el Dodger Stadium es muy especial porque cualquier reconocimiento que yo reciba es para mi pa\u00eds.<\/p>\n<p>Dedico todo esto a mi querido Ecuador.<\/p>\n<p><strong>\u00bfC\u00f3mo surgi\u00f3 la posibilidad de narrar en Grandes Ligas?<\/strong><\/p>\n<p>Fue algo fortuito. Nunca hab\u00eda visto un partido de b\u00e9isbol en Ecuador. Se jugaba solo en Guayaquil, pero no en Quito.<\/p>\n<p>Llegu\u00e9 a Estados Unidos con un bagaje de conocimientos porque trabaj\u00e9 en Ecuador en radio.<\/p>\n<p>Empec\u00e9 a los 16 a\u00f1os en HCJB, La Voz de los Andes, en 1951 (hasta 1955). Un a\u00f1o en radio Quito, tres como locutor del Congreso Nacional. De modo que vine con un bagaje como periodista radial, pero nunca en el campo deportivo.<\/p>\n<p><strong>Y su vinculaci\u00f3n con los Dodgers c\u00f3mo se da?<\/strong><\/p>\n<p>Siempre me gust\u00f3 el deporte. Acompa\u00f1\u00e9 al Negro Alfonso Lasso (+) en transmisiones de b\u00e1squet colegial en la vieja Plaza Arenas, en Quito, pero como locutor comercial. En Los \u00c1ngeles empec\u00e9 a trabajar en KWKW transmitiendo boxeo. Cuando se mudaron los Dodgers (de Brooklyn) a Los \u00c1ngeles ya estaba interesado en el b\u00e9isbol. Cuando yo era director de noticias y deportes en KWKW, los Dodgers me pidieron que transmitiera para ellos. Les dije que yo no estaba listo para ponerme ante un micr\u00f3fono (y narrar b\u00e9isbol), pero el due\u00f1o me quer\u00eda mucho y me dijo: \u2018Jaime, yo quiero que seas el cronista de los Dodgers. Te voy a dar un a\u00f1o para que te empapes de todo\u2019. Y as\u00ed fue. O\u00ed todas las transmisiones posibles. No se hac\u00edan por TV y eso lo hac\u00eda m\u00e1s dif\u00edcil. Hoy ser\u00eda distinto, podr\u00eda aprender y asimilar m\u00e1s a trav\u00e9s de la TV. Le\u00ed todos los libros y revistas de b\u00e9isbol habidos y por haber.<\/p>\n<p><strong>Usted es uno m\u00e1s entre las estrellas del deporte y de Hollywood. \u00bfQu\u00e9 se siente?<\/strong><\/p>\n<p>Es un halago muy especial. Cuando alguna figura va al Dodger Stadium, le pido de inmediato a mi productor que lo invite a ir a la cabina y es as\u00ed como he alternado con estrellas, particularmente del cine de Hollywood. Pero en realidad lo que m\u00e1s me halaga es cuando camino por las calles o voy a una tienda, a un negocio o a un restaurante y la gente me reconoce, se acerca, y me dicen: \u2018Se\u00f1or Jarr\u00edn, yo crec\u00ed con usted, mi abuelito sol\u00eda escucharlo\u2019, o \u2018aprend\u00ed de b\u00e9isbol gracias a su voz\u2019, o \u2018muchas veces bajamos el volumen de la televisi\u00f3n y lo escuchamos a usted en radio\u2019. Eso es algo que no puedo pagar. Esas cosas me llegan a lo m\u00e1s profundo del coraz\u00f3n y del esp\u00edritu. Me llena de orgullo estar frente a un micr\u00f3fono y representar a Ecuador. Todos saben que soy ecuatoriano, aunque muchos me confunden con mexicano.<\/p>\n<p><strong>\u00bfConoce que en Ecuador el b\u00e9isbol de categor\u00edas mayores languidece?<\/strong><\/p>\n<p>Quise ayudar en el desarrollo del b\u00e9isbol en Ecuador porque es el deporte de mis amores. Hicimos un esfuerzo por ayudar a la escuelita de El Recreo, en Dur\u00e1n. Llevamos all\u00e1 un poco de dinero, se construy\u00f3 la cerca del estadio, pusimos irrigaci\u00f3n, c\u00e9sped. Se construy\u00f3 un sal\u00f3n de video para que los ni\u00f1os vieran instrucci\u00f3n sobre b\u00e9isbol, pero lamentablemente luego me top\u00e9 con la burocracia incre\u00edble de Ecuador. Quisimos llevar implementos como bates, guantes, bolas, zapatos, camisetas, pero nos pusieron mil trabas en Guayaquil. A la ministra del Deporte no le interes\u00f3 en absoluto. Hab\u00edamos llenado un contenedor completo con Manuel Mota, de los Dodgers. Me pidieron una lista de documentos y los llenamos todos y el c\u00f3nsul de Ecuador en Los \u00c1ngeles nos ayud\u00f3 much\u00edsimo. Pero por los inconvenientes, y con el dolor del alma, tuvimos que regalar todo eso que iba a ir a Ecuador. Me decepcion\u00e9 y desilusion\u00e9 completamente. No pudimos hacer nada porque la Federaci\u00f3n (de B\u00e9isbol) de Ecuador se comport\u00f3 muy mal.<\/p>\n<p><strong>\u00bfHay posibilidad de reactivar la ayuda al b\u00e9isbol tricolor?<\/strong><\/p>\n<p>Si la situaci\u00f3n cambia y veo que puede existir ayuda de parte de las autoridades, emprenderemos una nueva campa\u00f1a a favor del b\u00e9isbol y de los ni\u00f1os. Mi ilusi\u00f3n era ampliar El Recreo. El primer a\u00f1o tuvimos un \u00e9xito extraordinario. De 15 ni\u00f1os que iban a practicar se increment\u00f3 a 150 e involucramos a los padres. Entiendo que ahora van pocos ni\u00f1os. No tuvimos apoyo en la administraci\u00f3n anterior. Quer\u00edamos ampliar las instalaciones y que ah\u00ed practicaran j\u00f3venes de hasta 19 a\u00f1os, y as\u00ed poder desarrollar prospectos (ecuatorianos) para las Grandes Ligas.<\/p>\n<p><strong>\u00bfCu\u00e1ndo viene a Ecuador?<\/strong><\/p>\n<p>Si por m\u00ed fuera ir\u00eda all\u00e1 todos los a\u00f1os, pero ciertos problemas familiares son los que no me permiten ausentarme mucho tiempo. Llevo a Ecuador en mi coraz\u00f3n, en mi sangre y sepan en el pa\u00eds que hay un ecuatoriano dispuesto a servirlos en lo que sea posible. (D)<\/p>\n<p>Fuente: eluniverso.com<\/p>\n<div class=\"gsp_post_data\" \r\n\t            data-post_type=\"post\" \r\n\t            data-cat=\"deportes-internacionales\" \r\n\t            data-modified=\"120\"\r\n\t            data-created=\"1537534411\"\r\n\t            data-title=\"Los Dodgers inmortalizan al ecuatoriano Jaime Jarr\u00edn en su estadio\" \r\n\t            data-home=\"https:\/\/www.evafm.net\/sitio\"><\/div>","protected":false},"excerpt":{"rendered":"<p>El periodista ecuatoriano que hace seis d\u00e9cadas crey\u00f3 que \u201cno estaba listo\u201d para ponerse \u201cante un micr\u00f3fono\u201d para narrar b\u00e9isbol, cuando alistaba su brillante andadura en las Grandes Ligas, es ya desde hace largo tiempo uno de los relatores m\u00e1s respetados y de m\u00e1s prestigio en Estados Unidos. Con su condici\u00f3n de leyenda asegurada al&#8230;<\/p>\n","protected":false},"author":5,"featured_media":39302,"comment_status":"closed","ping_status":"open","sticky":false,"template":"","format":"standard","meta":{"_joinchat":[],"footnotes":""},"categories":[1342],"tags":[],"class_list":["post-39301","post","type-post","status-publish","format-standard","has-post-thumbnail","hentry","category-deportes-internacionales","have-post-thumb"],"_links":{"self":[{"href":"https:\/\/www.evafm.net\/sitio\/wp-json\/wp\/v2\/posts\/39301","targetHints":{"allow":["GET"]}}],"collection":[{"href":"https:\/\/www.evafm.net\/sitio\/wp-json\/wp\/v2\/posts"}],"about":[{"href":"https:\/\/www.evafm.net\/sitio\/wp-json\/wp\/v2\/types\/post"}],"author":[{"embeddable":true,"href":"https:\/\/www.evafm.net\/sitio\/wp-json\/wp\/v2\/users\/5"}],"replies":[{"embeddable":true,"href":"https:\/\/www.evafm.net\/sitio\/wp-json\/wp\/v2\/comments?post=39301"}],"version-history":[{"count":1,"href":"https:\/\/www.evafm.net\/sitio\/wp-json\/wp\/v2\/posts\/39301\/revisions"}],"predecessor-version":[{"id":39303,"href":"https:\/\/www.evafm.net\/sitio\/wp-json\/wp\/v2\/posts\/39301\/revisions\/39303"}],"wp:featuredmedia":[{"embeddable":true,"href":"https:\/\/www.evafm.net\/sitio\/wp-json\/wp\/v2\/media\/39302"}],"wp:attachment":[{"href":"https:\/\/www.evafm.net\/sitio\/wp-json\/wp\/v2\/media?parent=39301"}],"wp:term":[{"taxonomy":"category","embeddable":true,"href":"https:\/\/www.evafm.net\/sitio\/wp-json\/wp\/v2\/categories?post=39301"},{"taxonomy":"post_tag","embeddable":true,"href":"https:\/\/www.evafm.net\/sitio\/wp-json\/wp\/v2\/tags?post=39301"}],"curies":[{"name":"wp","href":"https:\/\/api.w.org\/{rel}","templated":true}]}}