{"id":39304,"date":"2018-09-22T11:34:04","date_gmt":"2018-09-22T16:34:04","guid":{"rendered":"http:\/\/www.evafm.net\/sitio\/?p=39304"},"modified":"2018-09-22T11:34:04","modified_gmt":"2018-09-22T16:34:04","slug":"macara-derrota-a-domicilio-a-el-nacional","status":"publish","type":"post","link":"https:\/\/www.evafm.net\/sitio\/macara-derrota-a-domicilio-a-el-nacional\/","title":{"rendered":"Macar\u00e1 derrota a domicilio a El Nacional"},"content":{"rendered":"<p><strong>Macar\u00e1<\/strong>\u00a0logr\u00f3 una important\u00edsima victoria por 2-1 de visita a\u00a0<strong>El Nacional<\/strong>\u00a0que le permite ubicarse nuevamente en el primer lugar de la segunda etapa en el inicio de la Fecha 11, a la espera de lo que suceda en el duelo entre Delf\u00edn y Emelec (s\u00e1bado a las 19H00). Corozo y T\u00e9vez anotaron para los ambate\u00f1os que remontaron un 1-0 en contra anotado por \u00c1ngel Gracia.<\/p>\n<p>El primer tiempo cont\u00f3 con varias llegadas por parte de ambos equipos aunque el gol les fue esquivo. Cuando se jugaban 10 minutos un gran desborde de T\u00e9vez lo posicionaba mano a mano ante Padilla, sin embargo el delantero decidi\u00f3 enviar un centro que no encontr\u00f3 destinatario.<\/p>\n<p>Cuatro minutos m\u00e1s tarde Segovia ganar\u00eda un cabezazo en el \u00e1rea ambate\u00f1a pero su remate se estrell\u00f3 en el horizontal. Leonel Qui\u00f1\u00f3nez estuvo a punto de poner adelante a Macar\u00e1 mediante un tiro libre a los 29&#8242;, pero su disparo peg\u00f3 en el vertical; a jugada seguida Corozo cabece\u00f3 y anot\u00f3 pero la jugada fue anulada por fuera de juego.<\/p>\n<p>A falta de dos minutos para el cierre del primer tiempo, Angulo con un potente remate venc\u00eda la resistencia de Burrai pero el horizontal evit\u00f3 que el delantero ecuatoriano ponga la primera del compromiso.<\/p>\n<p>\u00c1ngel Gracia (47m) pondr\u00eda adelante en el marcador al cuadro criollo mediante un tiro libre que se meti\u00f3 en un \u00e1ngulo y dej\u00f3 sin opci\u00f3n a Burrai. Por la misma v\u00eda, Mois\u00e9s Corozo (62m) pondr\u00eda las tablas en el marcador.<\/p>\n<p>A los 74 minutos aparecer\u00eda el argentino Juan Manuel T\u00e9vez para adelantar a los ambate\u00f1os luego de pescar un rebote en el \u00e1rea y poner su 15\u00b0 gol en la presente temporada.<\/p>\n<p>Macar\u00e1 vuelve al primer lugar de la tabla de posiciones con 22 puntos. En tanto, los criollos se quedan en el octavo lugar con 12 unidades.<\/p>\n<p><strong>Alineaciones:<\/strong><\/p>\n<p><strong>El Nacional:\u00a0<\/strong>Johan Padilla; Kevin Peralta, Javier Qui\u00f1\u00f3nez, Luis Segovia, \u00c9dder Fuertes; Roberto Garc\u00e9s (Bryan Tana 19m), Manuel Balda, Daniel Samaniego (V\u00edctor Corozo 76m), \u00c1ngel Gracia (Johnny Uchuari 66m), Jorge Ord\u00f3\u00f1ez; Daniel Angulo. DT: Eduardo Favaro.<\/p>\n<p><strong>Macar\u00e1:\u00a0<\/strong>Javier Burrai; Orl\u00edn Qui\u00f1\u00f3nez (Carlos Arboleda 46m), D\u00fabar Enr\u00edquez (Elvis Patta 54m), Alejandro Manchot, Mois\u00e9s Corozo; Leonel Qui\u00f1\u00f3nez, Ronal De Jes\u00fas, Jean Carlos Estacio, Galo Corozo; Pablo Burzio (Armando G\u00f3mez 88m), Juan T\u00e9vez. DT: Pa\u00fal V\u00e9lez.<\/p>\n<p><strong>\u00c1rbitro:\u00a0<\/strong>Guillermo Guerrero. Amonest\u00f3 a: A. Gracia (54m) de El Nacional. D. Enr\u00edquez (46m), A. G\u00f3mez (90m) de Macar\u00e1. (D)<\/p>\n<p>https:\/\/youtu.be\/JEXgQloOETg<\/p>\n<p>Fuente: eluniverso.com &#8211; youtube.com<\/p>\n<div class=\"gsp_post_data\" \r\n\t            data-post_type=\"post\" \r\n\t            data-cat=\"deportes-ecuador\" \r\n\t            data-modified=\"120\"\r\n\t            data-created=\"1537616044\"\r\n\t            data-title=\"Macar\u00e1 derrota a domicilio a El Nacional\" \r\n\t            data-home=\"https:\/\/www.evafm.net\/sitio\"><\/div>","protected":false},"excerpt":{"rendered":"<p>Macar\u00e1\u00a0logr\u00f3 una important\u00edsima victoria por 2-1 de visita a\u00a0El Nacional\u00a0que le permite ubicarse nuevamente en el primer lugar de la segunda etapa en el inicio de la Fecha 11, a la espera de lo que suceda en el duelo entre Delf\u00edn y Emelec (s\u00e1bado a las 19H00). Corozo y T\u00e9vez anotaron para los ambate\u00f1os que&#8230;<\/p>\n","protected":false},"author":5,"featured_media":39306,"comment_status":"closed","ping_status":"open","sticky":false,"template":"","format":"standard","meta":{"_joinchat":[],"footnotes":""},"categories":[1557],"tags":[],"class_list":["post-39304","post","type-post","status-publish","format-standard","has-post-thumbnail","hentry","category-deportes-ecuador","have-post-thumb"],"_links":{"self":[{"href":"https:\/\/www.evafm.net\/sitio\/wp-json\/wp\/v2\/posts\/39304","targetHints":{"allow":["GET"]}}],"collection":[{"href":"https:\/\/www.evafm.net\/sitio\/wp-json\/wp\/v2\/posts"}],"about":[{"href":"https:\/\/www.evafm.net\/sitio\/wp-json\/wp\/v2\/types\/post"}],"author":[{"embeddable":true,"href":"https:\/\/www.evafm.net\/sitio\/wp-json\/wp\/v2\/users\/5"}],"replies":[{"embeddable":true,"href":"https:\/\/www.evafm.net\/sitio\/wp-json\/wp\/v2\/comments?post=39304"}],"version-history":[{"count":1,"href":"https:\/\/www.evafm.net\/sitio\/wp-json\/wp\/v2\/posts\/39304\/revisions"}],"predecessor-version":[{"id":39307,"href":"https:\/\/www.evafm.net\/sitio\/wp-json\/wp\/v2\/posts\/39304\/revisions\/39307"}],"wp:featuredmedia":[{"embeddable":true,"href":"https:\/\/www.evafm.net\/sitio\/wp-json\/wp\/v2\/media\/39306"}],"wp:attachment":[{"href":"https:\/\/www.evafm.net\/sitio\/wp-json\/wp\/v2\/media?parent=39304"}],"wp:term":[{"taxonomy":"category","embeddable":true,"href":"https:\/\/www.evafm.net\/sitio\/wp-json\/wp\/v2\/categories?post=39304"},{"taxonomy":"post_tag","embeddable":true,"href":"https:\/\/www.evafm.net\/sitio\/wp-json\/wp\/v2\/tags?post=39304"}],"curies":[{"name":"wp","href":"https:\/\/api.w.org\/{rel}","templated":true}]}}