{"id":39308,"date":"2018-09-22T11:39:45","date_gmt":"2018-09-22T16:39:45","guid":{"rendered":"http:\/\/www.evafm.net\/sitio\/?p=39308"},"modified":"2018-09-22T11:39:45","modified_gmt":"2018-09-22T16:39:45","slug":"ivan-espinel-va-a-juicio-por-el-delito-de-lavado-de-activos","status":"publish","type":"post","link":"https:\/\/www.evafm.net\/sitio\/ivan-espinel-va-a-juicio-por-el-delito-de-lavado-de-activos\/","title":{"rendered":"Iv\u00e1n Espinel va a juicio por el delito de lavado de activos"},"content":{"rendered":"<p>El juez de Garant\u00edas Penales,\u00a0<b>Francisco<\/b>\u00a0<b>Mendoza<\/b>, dict\u00f3 auto de\u00a0<b>llamamiento a juicio<\/b>\u00a0en contra de\u00a0<b>Iv\u00e1n<\/b>\u00a0<b>Espinel<\/b>, exministro de<b>\u00a0Bienestar Social\u00a0<\/b>este 21 de septiembre. A \u00e9l se suman otros 3 procesados por presunta participaci\u00f3n en el delito de lavado de activos. Con esto, el exministro deber\u00e1 regresar a prisi\u00f3n y esperar el proceso.<\/p>\n<p>La audiencia preparatoria de juicio se desarroll\u00f3 en la Unidad Judicial Multicompetente de Samborond\u00f3n. All\u00ed, la Fiscal\u00eda General del Estado emiti\u00f3 dictamen acusatorio en contra de los procesados.<\/p>\n<p>La fiscal de la Unidad Antilavado de Activos, Ivonne Proa\u00f1o, sustent\u00f3 su acusaci\u00f3n con m\u00e1s de 30 elementos de convicci\u00f3n que har\u00edan presumir la participaci\u00f3n de los procesados en el delito.<\/p>\n<p>El perjuicio ascender\u00eda a los $ 770 mil.<\/p>\n<p>El\u00a0<b>Reporte de Operaciones<\/b>\u00a0<b>Inusuales<\/b>\u00a0e I<b>njustificados de la Unidad de An\u00e1lisis Financiero y Econ\u00f3mico<\/b>\u00a0\u2014periodo 2010-2016\u2014, el\u00a0<b>Informe<\/b>\u00a0con<b>\u00a0Indicios de Responsabilidad<\/b>\u00a0<b>Penal<\/b>\u00a0remitido por la Contralor\u00eda General del Estado (2012-2016) y las declaraciones realizadas al Servicio de\u00a0<b>Rentas Internas,<\/b>\u00a0<b>SRI<\/b>, son parte de los elementos de convicci\u00f3n expuestos por la fiscal Proa\u00f1o en la audiencia.<\/p>\n<p>La Fiscal\u00eda se\u00f1al\u00f3 que Espinel adquiri\u00f3 un bien inmueble, ubicado en una urbanizaci\u00f3n privada en la v\u00eda a Samborond\u00f3n, que est\u00e1 valorado en $ 335 mil. Seg\u00fan la Fiscal\u00eda este fue pagado en parte con un pr\u00e9stamo hipotecario del Banco del Instituto Ecuatoriano de Seguridad Social, BIESS y la diferencia fue cancelada en efectivo.<\/p>\n<p>De igual manera, la\u00a0<b>Fiscal\u00eda<\/b>\u00a0puntualiz\u00f3 ciertas irregularidades en los movimientos bancarios ya que el exministro no present\u00f3 documentos de respaldo de sus\u00a0<b>cuentas<\/b>\u00a0de\u00a0<b>ahorro<\/b>\u00a0y\u00a0<b>corriente<\/b>. Estos valores fueron calculados en $ 63 mil.<\/p>\n<p>De igual manera se dispuso la prisi\u00f3n preventiva de Walter A \u2014implicado en el mismo delito\u2014; mientras que a Johanna V. y Juan Carlos B., se les ratific\u00f3 la prohibici\u00f3n de salida del pa\u00eds, el uso de dispositivo electr\u00f3nico y la presentaci\u00f3n peri\u00f3dica ante la autoridad judicial.<\/p>\n<p>El delito de lavado de activos est\u00e1 tipificado en el art\u00edculo 317 del C\u00f3digo Org\u00e1nico Integral Penal y es sancionado con una pena privativa de libertad de hasta 13 a\u00f1os.<\/p>\n<p>Fuente: expreso.ec<\/p>\n<div class=\"gsp_post_data\" \r\n\t            data-post_type=\"post\" \r\n\t            data-cat=\"general,noticias-ecuador\" \r\n\t            data-modified=\"120\"\r\n\t            data-created=\"1537616385\"\r\n\t            data-title=\"Iv\u00e1n Espinel va a juicio por el delito de lavado de activos\" \r\n\t            data-home=\"https:\/\/www.evafm.net\/sitio\"><\/div>","protected":false},"excerpt":{"rendered":"<p>El juez de Garant\u00edas Penales,\u00a0Francisco\u00a0Mendoza, dict\u00f3 auto de\u00a0llamamiento a juicio\u00a0en contra de\u00a0Iv\u00e1n\u00a0Espinel, exministro de\u00a0Bienestar Social\u00a0este 21 de septiembre. A \u00e9l se suman otros 3 procesados por presunta participaci\u00f3n en el delito de lavado de activos. Con esto, el exministro deber\u00e1 regresar a prisi\u00f3n y esperar el proceso. La audiencia preparatoria de juicio se desarroll\u00f3 en&#8230;<\/p>\n","protected":false},"author":5,"featured_media":39309,"comment_status":"closed","ping_status":"open","sticky":false,"template":"","format":"standard","meta":{"_joinchat":[],"footnotes":""},"categories":[1720,1558],"tags":[],"class_list":["post-39308","post","type-post","status-publish","format-standard","has-post-thumbnail","hentry","category-general","category-noticias-ecuador","have-post-thumb"],"_links":{"self":[{"href":"https:\/\/www.evafm.net\/sitio\/wp-json\/wp\/v2\/posts\/39308","targetHints":{"allow":["GET"]}}],"collection":[{"href":"https:\/\/www.evafm.net\/sitio\/wp-json\/wp\/v2\/posts"}],"about":[{"href":"https:\/\/www.evafm.net\/sitio\/wp-json\/wp\/v2\/types\/post"}],"author":[{"embeddable":true,"href":"https:\/\/www.evafm.net\/sitio\/wp-json\/wp\/v2\/users\/5"}],"replies":[{"embeddable":true,"href":"https:\/\/www.evafm.net\/sitio\/wp-json\/wp\/v2\/comments?post=39308"}],"version-history":[{"count":1,"href":"https:\/\/www.evafm.net\/sitio\/wp-json\/wp\/v2\/posts\/39308\/revisions"}],"predecessor-version":[{"id":39310,"href":"https:\/\/www.evafm.net\/sitio\/wp-json\/wp\/v2\/posts\/39308\/revisions\/39310"}],"wp:featuredmedia":[{"embeddable":true,"href":"https:\/\/www.evafm.net\/sitio\/wp-json\/wp\/v2\/media\/39309"}],"wp:attachment":[{"href":"https:\/\/www.evafm.net\/sitio\/wp-json\/wp\/v2\/media?parent=39308"}],"wp:term":[{"taxonomy":"category","embeddable":true,"href":"https:\/\/www.evafm.net\/sitio\/wp-json\/wp\/v2\/categories?post=39308"},{"taxonomy":"post_tag","embeddable":true,"href":"https:\/\/www.evafm.net\/sitio\/wp-json\/wp\/v2\/tags?post=39308"}],"curies":[{"name":"wp","href":"https:\/\/api.w.org\/{rel}","templated":true}]}}