{"id":39311,"date":"2018-09-22T11:42:34","date_gmt":"2018-09-22T16:42:34","guid":{"rendered":"http:\/\/www.evafm.net\/sitio\/?p=39311"},"modified":"2018-09-22T11:42:34","modified_gmt":"2018-09-22T16:42:34","slug":"crucero-maasdam-arribo-a-guayaquil-con-turistas-estadounidenses-y-canadienses","status":"publish","type":"post","link":"https:\/\/www.evafm.net\/sitio\/crucero-maasdam-arribo-a-guayaquil-con-turistas-estadounidenses-y-canadienses\/","title":{"rendered":"Crucero Maasdam arrib\u00f3 a Guayaquil con turistas estadounidenses y canadienses"},"content":{"rendered":"<p>El crucero Maasdam arrib\u00f3 esta ma\u00f1ana al Puerto Mar\u00edtimo de Guayaquil, abriendo as\u00ed la segunda temporada de cruceros 2018-2019, seg\u00fan la Empresa Municipal de Turismo.<\/p>\n<p>Con demostraciones de m\u00fasica y bailes, los turistas fueron recibidos en su descenso al muelle del puerto, ubicado en el sur de la ciudad. Este show lo organiz\u00f3 la Empresa de Turismo local que acompa\u00f1\u00f3 el recibimiento con autoridades de la coordinaci\u00f3n zonal del Ministerio de Turismo.<\/p>\n<p>Los turistas en su mayor\u00eda estadounidenses y canadienses se tomaban fotos con los personajes de Juan y Juanita Pueblo quienes danzaban al ritmo de bailes folkl\u00f3ricos entonados por la banda musical de la Polic\u00eda Metropolitana.<\/p>\n<p>Los visitantes pasear\u00e1n hoy por la ciudad. Luego, a las 18:00, seguir\u00e1n su periplo rumbo a Per\u00fa donde termina su paseo el pr\u00f3ximo 26 de septiembre.<\/p>\n<p>Antes, el buque que zarp\u00f3 de Florida (EE.UU), sigui\u00f3 por puertos de M\u00e9xico, Panam\u00e1, Costa Rica hasta llegar a Guayaquil.<\/p>\n<p>En el puerto, varios emprendedores mostraron sus productos tradicionales de la ciudad, entre eso: sombreros de paja toquilla, camisetas, souvenirs relativos a la ciudad y al pa\u00eds. (I)Fuente<\/p>\n<p>Fuente: eluniverso.com<\/p>\n<div class=\"gsp_post_data\" \r\n\t            data-post_type=\"post\" \r\n\t            data-cat=\"noticias-ecuador\" \r\n\t            data-modified=\"120\"\r\n\t            data-created=\"1537616554\"\r\n\t            data-title=\"Crucero Maasdam arrib\u00f3 a Guayaquil con turistas estadounidenses y canadienses\" \r\n\t            data-home=\"https:\/\/www.evafm.net\/sitio\"><\/div>","protected":false},"excerpt":{"rendered":"<p>El crucero Maasdam arrib\u00f3 esta ma\u00f1ana al Puerto Mar\u00edtimo de Guayaquil, abriendo as\u00ed la segunda temporada de cruceros 2018-2019, seg\u00fan la Empresa Municipal de Turismo. Con demostraciones de m\u00fasica y bailes, los turistas fueron recibidos en su descenso al muelle del puerto, ubicado en el sur de la ciudad. Este show lo organiz\u00f3 la Empresa&#8230;<\/p>\n","protected":false},"author":5,"featured_media":39312,"comment_status":"closed","ping_status":"open","sticky":false,"template":"","format":"standard","meta":{"_joinchat":[],"footnotes":""},"categories":[1558],"tags":[],"class_list":["post-39311","post","type-post","status-publish","format-standard","has-post-thumbnail","hentry","category-noticias-ecuador","have-post-thumb"],"_links":{"self":[{"href":"https:\/\/www.evafm.net\/sitio\/wp-json\/wp\/v2\/posts\/39311","targetHints":{"allow":["GET"]}}],"collection":[{"href":"https:\/\/www.evafm.net\/sitio\/wp-json\/wp\/v2\/posts"}],"about":[{"href":"https:\/\/www.evafm.net\/sitio\/wp-json\/wp\/v2\/types\/post"}],"author":[{"embeddable":true,"href":"https:\/\/www.evafm.net\/sitio\/wp-json\/wp\/v2\/users\/5"}],"replies":[{"embeddable":true,"href":"https:\/\/www.evafm.net\/sitio\/wp-json\/wp\/v2\/comments?post=39311"}],"version-history":[{"count":1,"href":"https:\/\/www.evafm.net\/sitio\/wp-json\/wp\/v2\/posts\/39311\/revisions"}],"predecessor-version":[{"id":39313,"href":"https:\/\/www.evafm.net\/sitio\/wp-json\/wp\/v2\/posts\/39311\/revisions\/39313"}],"wp:featuredmedia":[{"embeddable":true,"href":"https:\/\/www.evafm.net\/sitio\/wp-json\/wp\/v2\/media\/39312"}],"wp:attachment":[{"href":"https:\/\/www.evafm.net\/sitio\/wp-json\/wp\/v2\/media?parent=39311"}],"wp:term":[{"taxonomy":"category","embeddable":true,"href":"https:\/\/www.evafm.net\/sitio\/wp-json\/wp\/v2\/categories?post=39311"},{"taxonomy":"post_tag","embeddable":true,"href":"https:\/\/www.evafm.net\/sitio\/wp-json\/wp\/v2\/tags?post=39311"}],"curies":[{"name":"wp","href":"https:\/\/api.w.org\/{rel}","templated":true}]}}