{"id":39314,"date":"2018-09-22T11:50:12","date_gmt":"2018-09-22T16:50:12","guid":{"rendered":"http:\/\/www.evafm.net\/sitio\/?p=39314"},"modified":"2018-09-22T11:50:12","modified_gmt":"2018-09-22T16:50:12","slug":"china-protesta-contra-la-sanciones-a-sus-fuerzas-armadas","status":"publish","type":"post","link":"https:\/\/www.evafm.net\/sitio\/china-protesta-contra-la-sanciones-a-sus-fuerzas-armadas\/","title":{"rendered":"China protesta contra la sanciones a sus fuerzas armadas"},"content":{"rendered":"<div class=\"row pb-content-type-text\">\n<div class=\"col-xs-12 col-print-12\">\n<p class=\"element element-paragraph\">El gobierno de China\u00a0<strong>convoc\u00f3 este s\u00e1bado al embajador de Estados Unidos en el pa\u00eds para\u00a0protestar formalmente contra las sanciones que Washington ha impuesto sobre el ej\u00e9rcito chino<\/strong>, inform\u00f3 la prensa estatal.<\/p>\n<\/div>\n<\/div>\n<div class=\"row pb-content-type-text\">\n<div class=\"col-xs-12 col-print-12\">\n<p class=\"element element-paragraph\">Zheng Zeguang, viceministro de exteriores de China, convoc\u00f3 al embajador Terry Brandstad y present\u00f3 una \u00abprotesta solemne a las sanciones estadounidense contra las fuerzas armadas chinas\u00bb, se\u00f1al\u00f3 el\u00a0<em>Diario Popular.<\/em><\/p>\n<\/div>\n<\/div>\n<div class=\"row pb-content-type-text\">\n<div class=\"col-xs-12 col-print-12\">\n<p class=\"element element-paragraph\">El jueves la administraci\u00f3n del presidente estadounidense Donald Trump\u00a0<strong>sancion\u00f3 por primera vez a una entidad extranjera por la compra de armas rusas<\/strong>, en concreto a una unidad de las fuerzas armadas chinas que adquiri\u00f3 aviones caza Su-35 y misiles tierra-aire S-400. Por su parte el gobierno del presidente Xi Jinping ya se hab\u00eda manifestado \u00abindignada\u00bb por las sanciones el viernes.<\/p>\n<div class=\"row pb-content-type-text\">\n<div class=\"col-xs-12 col-print-12\">\n<p class=\"element element-paragraph\"><strong>Tensi\u00f3n en todos los frentes<\/strong><\/p>\n<\/div>\n<\/div>\n<div class=\"row pb-content-type-text\">\n<div class=\"col-xs-12 col-print-12\">\n<p class=\"element element-paragraph\">Casi al mismo tiempo se supo que\u00a0<strong>Beijing\u00a0cancel\u00f3 el viaje previsto para la pr\u00f3xima semana de una delegaci\u00f3n del pa\u00eds a Estados Unidos para intentar una salida a la guerra comercial que enfrente a ambos pa\u00edses,<\/strong>\u00a0de acuerdo al\u00a0<em>South China Morning Post.<\/em><\/p>\n<\/div>\n<\/div>\n<div class=\"row pb-content-type-text\">\n<div class=\"col-xs-12 col-print-12\">\n<p class=\"element element-paragraph\">La delegaci\u00f3n china, que iba a ser liderada por el viceprimer ministro, Liu He,<strong>\u00a0no participar\u00e1 finalmente en esos contactos porque Washington necesita \u00abcorregir sus errores\u00bb tras el anuncio de tarifas adicionales a las exportaciones chinas por valor de 200.000 millones de d\u00f3lares,<\/strong>\u00a0seg\u00fan fuentes citadas por el peri\u00f3dico.<\/p>\n<\/div>\n<\/div>\n<div class=\"row pb-content-type-text\">\n<div class=\"col-xs-12 col-print-12\">\n<p class=\"element element-paragraph\">El 13 de septiembre Beijing confirm\u00f3 que hab\u00eda recibido una invitaci\u00f3n de Washington para conducir esta nueva ronda de negociaciones, q<strong>ue ser\u00eda la quinta<\/strong>, pero hab\u00eda establecido como condici\u00f3n previa que Estados Unidos mostrara buena voluntad, lo que entra en contradicci\u00f3n con la nueva decisi\u00f3n de la Administraci\u00f3n Trump.<\/p>\n<div class=\"row pb-content-type-text\">\n<div class=\"col-xs-12 col-print-12\">\n<p class=\"element element-paragraph\">En represalia por las tarifas anunciadas por Trump,<strong>\u00a0el martes China tambi\u00e9n anunci\u00f3 nuevos aranceles a las exportaciones estadounidenses por valor de 60.000 millones de d\u00f3lares<\/strong>\u00a0con el objetivo de \u00abdefender los derechos leg\u00edtimos y los intereses de la econom\u00eda china\u00bb.<\/p>\n<\/div>\n<\/div>\n<div class=\"row pb-content-type-text\">\n<div class=\"col-xs-12 col-print-12\">\n<p class=\"element element-paragraph\">En medio de la escalada de tensi\u00f3n entre ambas potencias,<strong>\u00a0China ha seguido defendiendo que el di\u00e1logo es la \u00fanica salida a la guerra comercial<\/strong>, aunque \u00abEstados Unidos no ha mostrado buena voluntad\u00bb para ello, seg\u00fan critic\u00f3 recientemente el Ministerio de Exteriores.<\/p>\n<\/div>\n<\/div>\n<div class=\"row pb-content-type-text\">\n<div class=\"col-xs-12 col-print-12\">\n<p class=\"element element-paragraph\"><strong>Tanto las tarifas chinas como las estadounidenses entrar\u00e1n en vigor el pr\u00f3ximo 24 de septiembre<\/strong>, lo que marcar\u00e1 un nuevo episodio de la guerra comercial iniciada por Trump tras acusar a China de mantener un excesivo super\u00e1vit comercial con Estados Unidos.<\/p>\n<div class=\"single-image\">\n<div class=\"shares\">\n<div class=\"share-button facebook\"><\/div>\n<\/div>\n<p><img decoding=\"async\" id=\"EQOQXDA7RZGOHCC4XO7KBKEVDQ\" class=\"image-lazy\" src=\"https:\/\/www.infobae.com\/new-resizer\/lyVUjyvZPu960BvXRzgbmkQtxsE=\/600x0\/filters:quality(100)\/s3.amazonaws.com\/arc-wordpress-client-uploads\/infobae-wp\/wp-content\/uploads\/2018\/01\/04171052\/Xi-Jinping-Ejercito-China-5.jpg\" alt=\"Es la primera vez que la sanciones recaen sobre las fuerzas armadas chinas (Sipa Usa\/The Grosby Group)\" width=\"750\" height=\"500.0\" \/><\/div>\n<p><span class=\"credit\">Es la primera vez que la sanciones recaen sobre las fuerzas armadas chinas (Sipa Usa\/The Grosby Group)<\/span><\/p>\n<div class=\"single-image\">\n<div class=\"shares\">\n<div class=\"share-button facebook\"><\/div>\n<\/div>\n<p><img decoding=\"async\" id=\"ZR53MTUNDVF7BAJ33NX35K4KDE\" class=\"image-lazy\" src=\"https:\/\/www.infobae.com\/new-resizer\/rvjsk8SYPA5e3-Lm-UNIdmV8RPY=\/600x0\/filters:quality(100)\/s3.amazonaws.com\/arc-wordpress-client-uploads\/infobae-wp\/wp-content\/uploads\/2017\/12\/25072737\/ffff.jpg\" alt=\"Parte de los equipos involucrados en las sanciones son los S-400 de fabricaci\u00f3n rusa\" width=\"750\" height=\"421.875\" \/><\/div>\n<p><span class=\"credit\">Parte de los equipos involucrados en las sanciones son los S-400 de fabricaci\u00f3n rusa.<\/span><\/p>\n<p>&nbsp;<\/p>\n<\/div>\n<\/div>\n<div class=\"row pb-content-type-text\">\n<div class=\"col-xs-12 col-print-12\">\n<p class=\"element element-paragraph\"><em>Con informaci\u00f3n de EFE y AFP<\/em><\/p>\n<p>Fuente: infobae.com<\/p>\n<\/div>\n<\/div>\n<\/div>\n<\/div>\n<\/div>\n<\/div>\n<div class=\"gsp_post_data\" \r\n\t            data-post_type=\"post\" \r\n\t            data-cat=\"general,noticias-internacionales\" \r\n\t            data-modified=\"120\"\r\n\t            data-created=\"1537617012\"\r\n\t            data-title=\"China protesta contra la sanciones a sus fuerzas armadas\" \r\n\t            data-home=\"https:\/\/www.evafm.net\/sitio\"><\/div>","protected":false},"excerpt":{"rendered":"<p>El gobierno de China\u00a0convoc\u00f3 este s\u00e1bado al embajador de Estados Unidos en el pa\u00eds para\u00a0protestar formalmente contra las sanciones que Washington ha impuesto sobre el ej\u00e9rcito chino, inform\u00f3 la prensa estatal. Zheng Zeguang, viceministro de exteriores de China, convoc\u00f3 al embajador Terry Brandstad y present\u00f3 una \u00abprotesta solemne a las sanciones estadounidense contra las fuerzas&#8230;<\/p>\n","protected":false},"author":5,"featured_media":39315,"comment_status":"closed","ping_status":"open","sticky":false,"template":"","format":"standard","meta":{"_joinchat":[],"footnotes":""},"categories":[1720,1345],"tags":[],"class_list":["post-39314","post","type-post","status-publish","format-standard","has-post-thumbnail","hentry","category-general","category-noticias-internacionales","have-post-thumb"],"_links":{"self":[{"href":"https:\/\/www.evafm.net\/sitio\/wp-json\/wp\/v2\/posts\/39314","targetHints":{"allow":["GET"]}}],"collection":[{"href":"https:\/\/www.evafm.net\/sitio\/wp-json\/wp\/v2\/posts"}],"about":[{"href":"https:\/\/www.evafm.net\/sitio\/wp-json\/wp\/v2\/types\/post"}],"author":[{"embeddable":true,"href":"https:\/\/www.evafm.net\/sitio\/wp-json\/wp\/v2\/users\/5"}],"replies":[{"embeddable":true,"href":"https:\/\/www.evafm.net\/sitio\/wp-json\/wp\/v2\/comments?post=39314"}],"version-history":[{"count":1,"href":"https:\/\/www.evafm.net\/sitio\/wp-json\/wp\/v2\/posts\/39314\/revisions"}],"predecessor-version":[{"id":39316,"href":"https:\/\/www.evafm.net\/sitio\/wp-json\/wp\/v2\/posts\/39314\/revisions\/39316"}],"wp:featuredmedia":[{"embeddable":true,"href":"https:\/\/www.evafm.net\/sitio\/wp-json\/wp\/v2\/media\/39315"}],"wp:attachment":[{"href":"https:\/\/www.evafm.net\/sitio\/wp-json\/wp\/v2\/media?parent=39314"}],"wp:term":[{"taxonomy":"category","embeddable":true,"href":"https:\/\/www.evafm.net\/sitio\/wp-json\/wp\/v2\/categories?post=39314"},{"taxonomy":"post_tag","embeddable":true,"href":"https:\/\/www.evafm.net\/sitio\/wp-json\/wp\/v2\/tags?post=39314"}],"curies":[{"name":"wp","href":"https:\/\/api.w.org\/{rel}","templated":true}]}}