{"id":39402,"date":"2018-09-24T11:12:48","date_gmt":"2018-09-24T16:12:48","guid":{"rendered":"http:\/\/www.evafm.net\/sitio\/?p=39402"},"modified":"2018-09-24T11:12:48","modified_gmt":"2018-09-24T16:12:48","slug":"andrea-bocelli-a-duo-con-su-hijo-matteo","status":"publish","type":"post","link":"https:\/\/www.evafm.net\/sitio\/andrea-bocelli-a-duo-con-su-hijo-matteo\/","title":{"rendered":"Andrea Bocelli a d\u00fao con su hijo Matteo"},"content":{"rendered":"<p>Andrea Bocelli se ha unido a algunas de las estrellas musicales de moda para su pr\u00f3ximo \u00e1lbum \u201cS\u00ed\u201d, volviendo a cantar con su amigo Ed Sheeran despu\u00e9s de su gran \u00e9xito que estuvo en lo m\u00e1s alto de las listas, \u201cPerfect Symphony\u201d, y colaborando con la sensaci\u00f3n del pop Dua Lipa en el single \u201cIf Only\u201d.<\/p>\n<p>La superestrella del crossover Josh Groban y la soprano cl\u00e1sica Aida Garifullina tambi\u00e9n cantan d\u00faos con Bocelli en el disco, que se publica en Sugar\/Decca, el 26 de octubre.<\/p>\n<p>Es el primer \u00e1lbum con nuevo material del cantante italiano en 14 a\u00f1os: 16 canciones enteramente nuevas que son un canto al amor, la familia, la fe y la esperanza.<\/p>\n<p>En el centro del nuevo disco hay un d\u00fao que provoca escalofr\u00edos entre padre e hijo, en el que Matteo Bocelli, de 20 a\u00f1os, se sit\u00faa en el centro de los focos junto con Andrea en \u201cFall On Me\u201d, una canci\u00f3n hermosamente emocionante que refleja el v\u00ednculo entre padre e hijo. Aparecer\u00e1 en los cr\u00e9ditos finales de la esperad\u00edsima nueva pel\u00edcula de Disney, \u201cEl cascanueces y los cuatro reinos\u201d, protagonizada por Keira Knightley, Mackenzie Foy, Helen Mirren y Morgan Freeman.<\/p>\n<p>El single, que estar\u00e1 disponible en 7 idiomas diferentes, se public\u00f3 el 21 de septiembre, junto con un asombroso video musical que revela fotos jam\u00e1s vistas hasta ahora de Andrea y Matteo, procedentes de su \u00e1lbum de fotos familiares.<\/p>\n<p>Andrea explica c\u00f3mo pueden compararse su voz y la de Matteo: \u201cT\u00e9cnicamente, son muy diferentes, pero hay una cosa que las hace muy similares: la actitud. Ese modo caracter\u00edstico de expresarte por medio de tu voz. Esto hace que Matteo y yo seamos muy parecidos. Pero eso es algo que no puedes aprender, que no puede ense\u00f1arse. Eso es algo con lo que se nace\u201d.<\/p>\n<p>Andrea Bocelli, que cumplio el s\u00e1bado 60 a\u00f1os, \u00a0ha reunido a su familia y a sus amigos para su nuevo \u00e1lbum.<\/p>\n<p>Se grab\u00f3 en su casa en Italia y ha sido producido por el legendario Bob Ezrin (Pink Floyd, Lou Reed) e incluye una canci\u00f3n de Mauro Malavasi y del m\u00e1s antiguo amigo de Andrea, Pierpaolo Guerrini.<\/p>\n<p>Adem\u00e1s de un d\u00fao con Matteo, el otro hijo de Andrea, Amos Bocelli, toca el piano en la versi\u00f3n ac\u00fastica del tema \u201cSono Qui\u201d(Estoy aqu\u00ed) y \u201cAli di Libert\u00e1\u201d. Hay tambi\u00e9n una canci\u00f3n que se llama \u201cVivo\u201d, que es un emotivo homenaje a su mujer Ver\u00f3nica. \u201cIf Only\u201d (su d\u00fao con Dua Lipa) fue coescrita por Francesco Sartori y el ya fallecido Lucio Quarantotto, que ayud\u00f3 a componer uno de los mayores \u00e9xitos de Bocelli, \u201cCon Te Partir\u00f3\u201d (Time to Say Goodbye), que se public\u00f3 hace m\u00e1s de veinte a\u00f1os y que se ha convertido en uno de los mayores singles superventas de todos los tiempos.<\/p>\n<p>Las maneras humildes de Bocelli no parecen corresponderse con su estatus internacional como una de las mayores estrellas cl\u00e1sicas del mundo: ha cantado para papas, presidentes y la realeza, ha actuado en todas las m\u00e1s importantes salas de concierto y teatros de \u00f3pera de todo el mundo, y ha vendido 85 millones de discos.<\/p>\n<p>Ha aparecido en importantes acontecimientos internacionales, incluidos los Juegos Ol\u00edmpicos y el Mundial de F\u00fatbol, as\u00ed como sus propios espect\u00e1culos en estadios con todas las localidades agotadas.<\/p>\n<p>Ha sido premiado con un Globo de Oro, 7 Classical BRIT y 7 World Music Awards, adem\u00e1s de contar con una Estrella en el Paseo de la Fama de Hollywood.<\/p>\n<p>Ha atra\u00eddo a millones de personas con su popular magnetismo, en el que se mezclan los diversos g\u00e9neros, y Bocelli ha colaborado con un gran n\u00famero de las m\u00e1s grandes estrellas del pop, como C\u00e9line Dion, Tony Bennett, Ed Sheeran, Ariana Grande, Jennifer Lopez, Nicole Scherzinger y muchos m\u00e1s.<\/p>\n<p>Tambi\u00e9n provoc\u00f3 el asombro de los aficionados al f\u00fatbol brit\u00e1nicos con una actuaci\u00f3n para el Leicester City, que hab\u00eda ganado la liga con el entrenador Claudio Ranieri, en el King Power Stadium en 2016.<\/p>\n<p>Bocelli sigue realizando giras por todo el mundo con grandes espect\u00e1culos en Estados Unidos, Alemania, Italia, Espa\u00f1a, Brasil, Canad\u00e1, Irlanda y el Reino Unido, donde sus admiradores tendr\u00e1n la oportunidad de o\u00edr su nueva m\u00fasica.<\/p>\n<p><iframe title=\"Andrea Bocelli, C\u00e9line Dion - The Prayer (Live at Central Park \/ 2011)\" width=\"1200\" height=\"675\" src=\"https:\/\/www.youtube.com\/embed\/qt_OkgSOrkU?feature=oembed\" frameborder=\"0\" allow=\"accelerometer; autoplay; clipboard-write; encrypted-media; gyroscope; picture-in-picture; web-share\" referrerpolicy=\"strict-origin-when-cross-origin\" allowfullscreen><\/iframe><\/p>\n<p><iframe title=\"Andrea Bocelli, Ariana Grande - E Pi\u00f9 Ti Penso (Official Music Video)\" width=\"1200\" height=\"675\" src=\"https:\/\/www.youtube.com\/embed\/Z8SYtmvEI9U?feature=oembed\" frameborder=\"0\" allow=\"accelerometer; autoplay; clipboard-write; encrypted-media; gyroscope; picture-in-picture; web-share\" referrerpolicy=\"strict-origin-when-cross-origin\" allowfullscreen><\/iframe><\/p>\n<p><iframe title=\"Andrea Bocelli - Can&#039;t Help Falling In Love (Live From Lake Las Vegas Resort, USA \/ 2006)\" width=\"1200\" height=\"675\" src=\"https:\/\/www.youtube.com\/embed\/SPizIaBPhSg?feature=oembed\" frameborder=\"0\" allow=\"accelerometer; autoplay; clipboard-write; encrypted-media; gyroscope; picture-in-picture; web-share\" referrerpolicy=\"strict-origin-when-cross-origin\" allowfullscreen><\/iframe><\/p>\n<p>Fuente: elnuevodiario.com.ni<\/p>\n<div class=\"gsp_post_data\" \r\n\t            data-post_type=\"post\" \r\n\t            data-cat=\"farandula-internacional\" \r\n\t            data-modified=\"120\"\r\n\t            data-created=\"1537787568\"\r\n\t            data-title=\"Andrea Bocelli a d\u00fao con su hijo Matteo\" \r\n\t            data-home=\"https:\/\/www.evafm.net\/sitio\"><\/div>","protected":false},"excerpt":{"rendered":"<p>Andrea Bocelli se ha unido a algunas de las estrellas musicales de moda para su pr\u00f3ximo \u00e1lbum \u201cS\u00ed\u201d, volviendo a cantar con su amigo Ed Sheeran despu\u00e9s de su gran \u00e9xito que estuvo en lo m\u00e1s alto de las listas, \u201cPerfect Symphony\u201d, y colaborando con la sensaci\u00f3n del pop Dua Lipa en el single \u201cIf&#8230;<\/p>\n","protected":false},"author":5,"featured_media":39406,"comment_status":"closed","ping_status":"open","sticky":false,"template":"","format":"standard","meta":{"_joinchat":[],"footnotes":""},"categories":[1346],"tags":[],"class_list":["post-39402","post","type-post","status-publish","format-standard","has-post-thumbnail","hentry","category-farandula-internacional","have-post-thumb"],"_links":{"self":[{"href":"https:\/\/www.evafm.net\/sitio\/wp-json\/wp\/v2\/posts\/39402","targetHints":{"allow":["GET"]}}],"collection":[{"href":"https:\/\/www.evafm.net\/sitio\/wp-json\/wp\/v2\/posts"}],"about":[{"href":"https:\/\/www.evafm.net\/sitio\/wp-json\/wp\/v2\/types\/post"}],"author":[{"embeddable":true,"href":"https:\/\/www.evafm.net\/sitio\/wp-json\/wp\/v2\/users\/5"}],"replies":[{"embeddable":true,"href":"https:\/\/www.evafm.net\/sitio\/wp-json\/wp\/v2\/comments?post=39402"}],"version-history":[{"count":1,"href":"https:\/\/www.evafm.net\/sitio\/wp-json\/wp\/v2\/posts\/39402\/revisions"}],"predecessor-version":[{"id":39407,"href":"https:\/\/www.evafm.net\/sitio\/wp-json\/wp\/v2\/posts\/39402\/revisions\/39407"}],"wp:featuredmedia":[{"embeddable":true,"href":"https:\/\/www.evafm.net\/sitio\/wp-json\/wp\/v2\/media\/39406"}],"wp:attachment":[{"href":"https:\/\/www.evafm.net\/sitio\/wp-json\/wp\/v2\/media?parent=39402"}],"wp:term":[{"taxonomy":"category","embeddable":true,"href":"https:\/\/www.evafm.net\/sitio\/wp-json\/wp\/v2\/categories?post=39402"},{"taxonomy":"post_tag","embeddable":true,"href":"https:\/\/www.evafm.net\/sitio\/wp-json\/wp\/v2\/tags?post=39402"}],"curies":[{"name":"wp","href":"https:\/\/api.w.org\/{rel}","templated":true}]}}