{"id":39408,"date":"2018-09-24T11:31:54","date_gmt":"2018-09-24T16:31:54","guid":{"rendered":"http:\/\/www.evafm.net\/sitio\/?p=39408"},"modified":"2018-09-24T11:31:54","modified_gmt":"2018-09-24T16:31:54","slug":"aislinn-derbez-y-celia-lora-alborotan-instagram","status":"publish","type":"post","link":"https:\/\/www.evafm.net\/sitio\/aislinn-derbez-y-celia-lora-alborotan-instagram\/","title":{"rendered":"Aislinn Derbez y Celia Lora alborotan Instagram"},"content":{"rendered":"<p>Gran alboroto se form\u00f3 luego de que las atractivas Aislinn Derbez y Celia Lora compartieran\u00a0sensuales im\u00e1genes, en las que presumieron sus encantos y protagonizaron un tremendo duelo de escotes desde sus respectivas cuentas de\u00a0Instagram.<\/p>\n<p>La primera en publicar en dicha plataforma fue la hija del rockero\u00a0Alex Lora, quien hizo gala de sus atributos delanteros y sus bellos ojos de color azul.<\/p>\n<p>En la fotograf\u00eda se aprecia a la\u00a0playmate mexicana\u00a0con la parte superior de un bikini negro con dise\u00f1o de flores en color azul, junto a su p\u00edcara y caracter\u00edstica sonrisa.<\/p>\n<p>https:\/\/www.instagram.com\/p\/BoADzMIAHKD\/?utm_source=ig_web_copy_link<\/p>\n<p>Hasta el momento, la instant\u00e1nea de Celia que fue capturada desde la Ciudad de M\u00e9xico ha generado m\u00e1s de 65 mil likes.<\/p>\n<p>https:\/\/www.instagram.com\/p\/BoCdsD2AwWl\/?utm_source=ig_web_copy_link<\/p>\n<p>De igual manera agreg\u00f3: \u201cA darme cuenta cu\u00e1nta seguridad hab\u00eda puesta en \u2018regresar a la normalidad\u2019\u2026 y si nunca regreso? Me pas\u00f3 mil veces por la mente. Y despu\u00e9s me di cuenta que s\u00ed, en efecto, nunca regresar\u00e9 porque soy otra persona. Una gran parte de m\u00ed se muri\u00f3 en el parto y naci\u00f3 otra desconocida para m\u00ed\u201d.<\/p>\n<p>Fuente: mundohispanico.com<\/p>\n<div class=\"gsp_post_data\" \r\n\t            data-post_type=\"post\" \r\n\t            data-cat=\"farandula-internacional\" \r\n\t            data-modified=\"120\"\r\n\t            data-created=\"1537788714\"\r\n\t            data-title=\"Aislinn Derbez y Celia Lora alborotan Instagram\" \r\n\t            data-home=\"https:\/\/www.evafm.net\/sitio\"><\/div>","protected":false},"excerpt":{"rendered":"<p>Gran alboroto se form\u00f3 luego de que las atractivas Aislinn Derbez y Celia Lora compartieran\u00a0sensuales im\u00e1genes, en las que presumieron sus encantos y protagonizaron un tremendo duelo de escotes desde sus respectivas cuentas de\u00a0Instagram. La primera en publicar en dicha plataforma fue la hija del rockero\u00a0Alex Lora, quien hizo gala de sus atributos delanteros y&#8230;<\/p>\n","protected":false},"author":5,"featured_media":39411,"comment_status":"closed","ping_status":"open","sticky":false,"template":"","format":"standard","meta":{"_joinchat":[],"footnotes":""},"categories":[1346],"tags":[],"class_list":["post-39408","post","type-post","status-publish","format-standard","has-post-thumbnail","hentry","category-farandula-internacional","have-post-thumb"],"_links":{"self":[{"href":"https:\/\/www.evafm.net\/sitio\/wp-json\/wp\/v2\/posts\/39408","targetHints":{"allow":["GET"]}}],"collection":[{"href":"https:\/\/www.evafm.net\/sitio\/wp-json\/wp\/v2\/posts"}],"about":[{"href":"https:\/\/www.evafm.net\/sitio\/wp-json\/wp\/v2\/types\/post"}],"author":[{"embeddable":true,"href":"https:\/\/www.evafm.net\/sitio\/wp-json\/wp\/v2\/users\/5"}],"replies":[{"embeddable":true,"href":"https:\/\/www.evafm.net\/sitio\/wp-json\/wp\/v2\/comments?post=39408"}],"version-history":[{"count":1,"href":"https:\/\/www.evafm.net\/sitio\/wp-json\/wp\/v2\/posts\/39408\/revisions"}],"predecessor-version":[{"id":39412,"href":"https:\/\/www.evafm.net\/sitio\/wp-json\/wp\/v2\/posts\/39408\/revisions\/39412"}],"wp:featuredmedia":[{"embeddable":true,"href":"https:\/\/www.evafm.net\/sitio\/wp-json\/wp\/v2\/media\/39411"}],"wp:attachment":[{"href":"https:\/\/www.evafm.net\/sitio\/wp-json\/wp\/v2\/media?parent=39408"}],"wp:term":[{"taxonomy":"category","embeddable":true,"href":"https:\/\/www.evafm.net\/sitio\/wp-json\/wp\/v2\/categories?post=39408"},{"taxonomy":"post_tag","embeddable":true,"href":"https:\/\/www.evafm.net\/sitio\/wp-json\/wp\/v2\/tags?post=39408"}],"curies":[{"name":"wp","href":"https:\/\/api.w.org\/{rel}","templated":true}]}}