{"id":39417,"date":"2018-09-25T13:39:10","date_gmt":"2018-09-25T18:39:10","guid":{"rendered":"http:\/\/www.evafm.net\/sitio\/?p=39417"},"modified":"2018-09-25T13:39:10","modified_gmt":"2018-09-25T18:39:10","slug":"topic-y-rivera-con-problemas-domesticos","status":"publish","type":"post","link":"https:\/\/www.evafm.net\/sitio\/topic-y-rivera-con-problemas-domesticos\/","title":{"rendered":"Topic y Rivera con problemas dom\u00e9sticos"},"content":{"rendered":"<p>Un e-mail que circul\u00f3 a mediados de 2011 podr\u00eda alterar la relativa tranquilidad de\u00a0<b>Tomislav<\/b>\u00a0<b>Topic<\/b>, principal de\u00a0<b>Telconet<\/b>, y\u00a0<b>Ricardo<\/b>\u00a0<b>Rivera<\/b>, t\u00edo del vicepresidente\u00a0<b>Jorge<\/b>\u00a0<b>Glas<\/b>. Los dos \u00faltimos, sentenciados a seis a\u00f1os de c\u00e1rcel por asociaci\u00f3n il\u00edcita en el\u00a0<b>caso<\/b>\u00a0<b>Odebrecht<\/b>.<\/p>\n<p>Sus exesposas parecen estar dispuestas a que las investigaciones no se queden en ese caso y alcancen a ambos por lavado de activos. Los detalles del documento denominado \u2018Testamento de Tomislav Topic G.\u2019 est\u00e1n en poder de Tamar Verduga, su exesposa.<\/p>\n<p>A las 10:00 rendir\u00e1 una versi\u00f3n mediante videoconferencia desde Miami, Estados Unidos. El llamado se dio en la investigaci\u00f3n previa por lavado de activos, dentro de la trama de sobornos de Odebrecht.<\/p>\n<p>En el documento, al que\u00a0<b>EXPRESO<\/b>\u00a0tuvo acceso, se se\u00f1alan varias instrucciones ante el temor de que \u201cpugnas familiares o pugnas de poder dentro de la compa\u00f1\u00eda puedan generar par\u00e1lisis o desmembraciones que no sean convenientes\u201d.<\/p>\n<p>Se habla de la validez del\u00a0<b>documento<\/b>, el\u00a0<b>patrimonio<\/b>\u00a0<b>personal<\/b>,\u00a0<b>inversiones<\/b>, toma de\u00a0<b>decisiones<\/b>\u00a0<b>estrat\u00e9gicas<\/b>\u00a0entre\u00a0<b>Telconet<\/b>\u00a0y\u00a0<b>Megadatos<\/b>\u00a0y el resto de compa\u00f1\u00edas, procedimiento en caso de ausencia definitiva.<\/p>\n<p>Tambi\u00e9n se mencionan claves de cajas fuertes, seguros, deudas, juicios pendientes, enemigos, enfermedad grave, donaci\u00f3n de \u00f3rganos, cuentas personales afuera y dentro del pa\u00eds, tr\u00e1mite de la ciudadan\u00eda croata, personas a las cuales cuidar, entre otras. A la mayor\u00eda de apartados solo se puede acceder con c\u00f3digos.<\/p>\n<p>En el e-mail se citan los \u2018pendientes Telconet\u2019. \u201cRicardo Rivera coloc\u00f3 su plata US $ 3M en la cuenta de Merrill Lynch. Esa plata es de \u00e9l y debemos devolv\u00e9rsela. Javier Galarza conoce del tema\u201d, se\u00f1ala.<\/p>\n<p>\u201cNo tengo ning\u00fan testamento. Nunca lo he hecho\u201d, se\u00f1al\u00f3 Topic a este Diario. Agreg\u00f3 que \u201chay un e-mail original y uno falso, adulterado e inconsistente\u201d y que el documento original est\u00e1 en la Fiscal\u00eda.<\/p>\n<p>Adem\u00e1s de Verduga, la exesposa de Rivera, Amparo G\u00f3mez, ofreci\u00f3 entregar papeles que mostrar\u00edan los negocios en los que Rivera habr\u00eda utilizado a familiares y empleados para manejarlos y su relaci\u00f3n con Glas. La documentaci\u00f3n es nueva y refleja cuentas en nombre de terceros que ser\u00edan de Rivera. Ella buscar\u00e1 acogerse a la protecci\u00f3n de v\u00edctimas.<\/p>\n<p>G\u00f3mez y su abogado Daniel Fr\u00edas responder\u00e1n ma\u00f1ana en\u00a0<b>Guayaquil<\/b>\u00a0todas las interrogantes sobre este tema.<\/p>\n<p>En el juicio por\u00a0<b>asociaci\u00f3n<\/b>\u00a0<b>il\u00edcita<\/b>\u00a0<b>Rivera<\/b>\u00a0fue se\u00f1alado por pedir dinero en nombre de su sobrino. Glas advirti\u00f3 que si se demuestran\u00a0<b>transferencias<\/b>\u00a0en favor de su t\u00edo, lo demandar\u00eda por tomarse su nombre.<\/p>\n<p>La Fiscal\u00eda demostr\u00f3 en el\u00a0<b>juicio<\/b>\u00a0que Glas habr\u00eda sido beneficiario de 13,5 millones de d\u00f3lares en sobornos. Su abogado Eduardo Franco dijo que no conoce nada del tema. An\u00edbal Quinde, defensor de Rivera, se\u00f1al\u00f3 que su cliente no le ha hecho ning\u00fan comentario sobre el caso.<\/p>\n<p><b>Asociaci\u00f3n il\u00edcita<\/b><\/p>\n<p><b>Sigue audiencia por caso Balda<\/b><\/p>\n<p>A las 09:30 de hoy se reinstala la audiencia preparatoria de juicio en contra del\u00a0<b>expresidente<\/b>\u00a0<b>Rafael<\/b>\u00a0<b>Correa<\/b>\u00a0y otros en el caso\u00a0<b>Balda<\/b>.<\/p>\n<p>La diligencia est\u00e1 a cargo de la\u00a0<b>jueza<\/b>\u00a0<b>Daniella<\/b>\u00a0<b>Camacho<\/b>. El viernes la jueza dict\u00f3 el sobreseimiento para el\u00a0<b>excomandante<\/b>\u00a0de\u00a0<b>Polic\u00eda<\/b>\u00a0<b>Fausto<\/b>\u00a0<b>Tamayo<\/b>\u00a0y para el suboficial Jorge Espinosa, quienes no recibieron acusaci\u00f3n.<\/p>\n<p>La situaci\u00f3n se complic\u00f3 para los agentes de Inteligencia Ra\u00fal Chicaiza y Diana Falc\u00f3n, quienes decidieron acogerse al juicio abreviado. Despu\u00e9s de casi seis horas de procedimiento, la jueza rechaz\u00f3 la propuesta de la\u00a0<b>Fiscal\u00eda<\/b>\u00a0de imponer 12 meses de c\u00e1rcel para ambos.<\/p>\n<p>La negativa signific\u00f3 que su situaci\u00f3n legal se tratar\u00e1 por el tr\u00e1mite ordinario. Ellos fueron acusados de la tentativa de secuestro del pol\u00edtico\u00a0<b>Fernando<\/b>\u00a0<b>Balda<\/b>. Con ellos son acusados Correa y el exsecretario de la Senain Pablo Romero.<\/p>\n<p>Fuente: expreo.ec<\/p>\n<div class=\"gsp_post_data\" \r\n\t            data-post_type=\"post\" \r\n\t            data-cat=\"general,noticias-ecuador\" \r\n\t            data-modified=\"120\"\r\n\t            data-created=\"1537882750\"\r\n\t            data-title=\"Topic y Rivera con problemas dom\u00e9sticos\" \r\n\t            data-home=\"https:\/\/www.evafm.net\/sitio\"><\/div>","protected":false},"excerpt":{"rendered":"<p>Un e-mail que circul\u00f3 a mediados de 2011 podr\u00eda alterar la relativa tranquilidad de\u00a0Tomislav\u00a0Topic, principal de\u00a0Telconet, y\u00a0Ricardo\u00a0Rivera, t\u00edo del vicepresidente\u00a0Jorge\u00a0Glas. Los dos \u00faltimos, sentenciados a seis a\u00f1os de c\u00e1rcel por asociaci\u00f3n il\u00edcita en el\u00a0caso\u00a0Odebrecht. Sus exesposas parecen estar dispuestas a que las investigaciones no se queden en ese caso y alcancen a ambos por lavado&#8230;<\/p>\n","protected":false},"author":5,"featured_media":39418,"comment_status":"closed","ping_status":"open","sticky":false,"template":"","format":"standard","meta":{"_joinchat":[],"footnotes":""},"categories":[1720,1558],"tags":[],"class_list":["post-39417","post","type-post","status-publish","format-standard","has-post-thumbnail","hentry","category-general","category-noticias-ecuador","have-post-thumb"],"_links":{"self":[{"href":"https:\/\/www.evafm.net\/sitio\/wp-json\/wp\/v2\/posts\/39417","targetHints":{"allow":["GET"]}}],"collection":[{"href":"https:\/\/www.evafm.net\/sitio\/wp-json\/wp\/v2\/posts"}],"about":[{"href":"https:\/\/www.evafm.net\/sitio\/wp-json\/wp\/v2\/types\/post"}],"author":[{"embeddable":true,"href":"https:\/\/www.evafm.net\/sitio\/wp-json\/wp\/v2\/users\/5"}],"replies":[{"embeddable":true,"href":"https:\/\/www.evafm.net\/sitio\/wp-json\/wp\/v2\/comments?post=39417"}],"version-history":[{"count":1,"href":"https:\/\/www.evafm.net\/sitio\/wp-json\/wp\/v2\/posts\/39417\/revisions"}],"predecessor-version":[{"id":39419,"href":"https:\/\/www.evafm.net\/sitio\/wp-json\/wp\/v2\/posts\/39417\/revisions\/39419"}],"wp:featuredmedia":[{"embeddable":true,"href":"https:\/\/www.evafm.net\/sitio\/wp-json\/wp\/v2\/media\/39418"}],"wp:attachment":[{"href":"https:\/\/www.evafm.net\/sitio\/wp-json\/wp\/v2\/media?parent=39417"}],"wp:term":[{"taxonomy":"category","embeddable":true,"href":"https:\/\/www.evafm.net\/sitio\/wp-json\/wp\/v2\/categories?post=39417"},{"taxonomy":"post_tag","embeddable":true,"href":"https:\/\/www.evafm.net\/sitio\/wp-json\/wp\/v2\/tags?post=39417"}],"curies":[{"name":"wp","href":"https:\/\/api.w.org\/{rel}","templated":true}]}}