{"id":39502,"date":"2018-09-27T14:22:36","date_gmt":"2018-09-27T19:22:36","guid":{"rendered":"http:\/\/www.evafm.net\/sitio\/?p=39502"},"modified":"2018-09-27T14:22:36","modified_gmt":"2018-09-27T19:22:36","slug":"x-men-dark-phoenix-estrena-trailer","status":"publish","type":"post","link":"https:\/\/www.evafm.net\/sitio\/x-men-dark-phoenix-estrena-trailer\/","title":{"rendered":"\u00abX-Men: Dark Phoenix\u00bb estrena tr\u00e1iler"},"content":{"rendered":"<p>\u00ab<strong>X-Men: Dark Phoenix<\/strong>\u00bb ya tiene\u00a0<strong>tr\u00e1iler<\/strong>. 20th Century Fox lanz\u00f3 el primer adelanto de la pel\u00edcula que se estrenar\u00e1 en\u00a0<strong>febrero de 2019<\/strong>\u00a0y cuyo guion se centra en\u00a0<strong>Jean Grey<\/strong>, personaje que encarna<strong>\u00a0Sophie Turner<\/strong>, conocida por su papel de Sansa Stark en la serie \u00ab<strong>Game of Thrones<\/strong>\u00ab(Juego de Tronos).<\/p>\n<p>Ambientada en la<strong>\u00a0d\u00e9cada de los 90<\/strong>, la cinta se desarrolla durante una misi\u00f3n de rescate en el espacio, que tomar\u00e1 un giro inesperado cuando el personaje protag\u00f3nico\u00a0es pose\u00edda por la\u00a0<strong>Fuerza F\u00e9nix.<\/strong><\/p>\n<p>\u00ab<strong>X-Men: Dark Phoenix<\/strong>\u00bb vuelve a incluir a gran parte del elenco de las pel\u00edculas anteriores como\u00a0<strong>James McAvoy\u00a0<\/strong>(Charles Xavier),\u00a0<strong>Michael Fassbender<\/strong>\u00a0(Erik Lehnsherr \/ Magneto)\u00a0<strong>Jennifer Lawrence<\/strong>\u00a0(M\u00edstica),\u00a0<strong>Nicholas Hoult<\/strong>\u00a0(Bestia),\u00a0<strong>Alexandra Shipp<\/strong>\u00a0(Tormenta),\u00a0<strong>Tye Sheridan<\/strong>(C\u00edclope),\u00a0<strong>Kodi Smit-McPhee<\/strong>\u00a0(Rastreador) y\u00a0<strong>Evan Peters<\/strong>\u00a0(Quicksilver).<\/p>\n<p>Lamar Johnson de \u00abThe Next Step\u00bb se uni\u00f3 al reparto con un misterioso personaje y parece que la mutante Dazzler tambi\u00e9n formar\u00e1 parte del desarrollo de la cinta; mientras que Simon Kinberg debuta como director y firma el libreto de \u00ab<strong>X-Men: Dark Phoenix<\/strong>\u00ab. Tambi\u00e9n producir\u00e1 la pel\u00edcula junto a Lauren Shuler Donner y Hutch Parker.<\/p>\n<p>El estreno del filme estaba previsto para el pr\u00f3ximo 2 de noviembre de 2018, pero fue postergado hasta 2019 para rodar de nuevo algunas escenas. Finalmente la nueva entrega de la saga central de\u00a0<em>\u00ab<\/em><strong>X-Men<\/strong>\u00bb ver\u00e1 la luz en la gran pantalla el 14 de febrero de 2019.<\/p>\n<p><iframe title=\"X- MEN Dark Phoenix | Primer Trailer subtitulado | Pr\u00f3ximamente - Solo en cines\" width=\"1200\" height=\"675\" src=\"https:\/\/www.youtube.com\/embed\/WYwpnRvroEQ?feature=oembed\" frameborder=\"0\" allow=\"accelerometer; autoplay; clipboard-write; encrypted-media; gyroscope; picture-in-picture; web-share\" referrerpolicy=\"strict-origin-when-cross-origin\" allowfullscreen><\/iframe><\/p>\n<p>Fuente: elespectador.com<\/p>\n<div class=\"gsp_post_data\" \r\n\t            data-post_type=\"post\" \r\n\t            data-cat=\"espectaculos,general\" \r\n\t            data-modified=\"120\"\r\n\t            data-created=\"1538058156\"\r\n\t            data-title=\"\u00abX-Men: Dark Phoenix\u00bb estrena tr\u00e1iler\" \r\n\t            data-home=\"https:\/\/www.evafm.net\/sitio\"><\/div>","protected":false},"excerpt":{"rendered":"<p>\u00abX-Men: Dark Phoenix\u00bb ya tiene\u00a0tr\u00e1iler. 20th Century Fox lanz\u00f3 el primer adelanto de la pel\u00edcula que se estrenar\u00e1 en\u00a0febrero de 2019\u00a0y cuyo guion se centra en\u00a0Jean Grey, personaje que encarna\u00a0Sophie Turner, conocida por su papel de Sansa Stark en la serie \u00abGame of Thrones\u00ab(Juego de Tronos). Ambientada en la\u00a0d\u00e9cada de los 90, la cinta se&#8230;<\/p>\n","protected":false},"author":5,"featured_media":39504,"comment_status":"closed","ping_status":"open","sticky":false,"template":"","format":"standard","meta":{"_joinchat":[],"footnotes":""},"categories":[4,1720],"tags":[],"class_list":["post-39502","post","type-post","status-publish","format-standard","has-post-thumbnail","hentry","category-espectaculos","category-general","have-post-thumb"],"_links":{"self":[{"href":"https:\/\/www.evafm.net\/sitio\/wp-json\/wp\/v2\/posts\/39502","targetHints":{"allow":["GET"]}}],"collection":[{"href":"https:\/\/www.evafm.net\/sitio\/wp-json\/wp\/v2\/posts"}],"about":[{"href":"https:\/\/www.evafm.net\/sitio\/wp-json\/wp\/v2\/types\/post"}],"author":[{"embeddable":true,"href":"https:\/\/www.evafm.net\/sitio\/wp-json\/wp\/v2\/users\/5"}],"replies":[{"embeddable":true,"href":"https:\/\/www.evafm.net\/sitio\/wp-json\/wp\/v2\/comments?post=39502"}],"version-history":[{"count":1,"href":"https:\/\/www.evafm.net\/sitio\/wp-json\/wp\/v2\/posts\/39502\/revisions"}],"predecessor-version":[{"id":39505,"href":"https:\/\/www.evafm.net\/sitio\/wp-json\/wp\/v2\/posts\/39502\/revisions\/39505"}],"wp:featuredmedia":[{"embeddable":true,"href":"https:\/\/www.evafm.net\/sitio\/wp-json\/wp\/v2\/media\/39504"}],"wp:attachment":[{"href":"https:\/\/www.evafm.net\/sitio\/wp-json\/wp\/v2\/media?parent=39502"}],"wp:term":[{"taxonomy":"category","embeddable":true,"href":"https:\/\/www.evafm.net\/sitio\/wp-json\/wp\/v2\/categories?post=39502"},{"taxonomy":"post_tag","embeddable":true,"href":"https:\/\/www.evafm.net\/sitio\/wp-json\/wp\/v2\/tags?post=39502"}],"curies":[{"name":"wp","href":"https:\/\/api.w.org\/{rel}","templated":true}]}}