{"id":39549,"date":"2018-09-28T11:01:56","date_gmt":"2018-09-28T16:01:56","guid":{"rendered":"http:\/\/www.evafm.net\/sitio\/?p=39549"},"modified":"2018-09-28T11:01:56","modified_gmt":"2018-09-28T16:01:56","slug":"el-var-sera-implementado-en-la-champions-league-desde-la-proxima-temporada","status":"publish","type":"post","link":"https:\/\/www.evafm.net\/sitio\/el-var-sera-implementado-en-la-champions-league-desde-la-proxima-temporada\/","title":{"rendered":"El VAR ser\u00e1 implementado en la Champions League desde la pr\u00f3xima temporada"},"content":{"rendered":"<p>La\u00a0<strong>UEFA<\/strong>\u00a0confirm\u00f3 el uso del sistema de videoarbitraje (VAR) en la\u00a0<strong>Champions League<\/strong>\u00a0a partir de la pr\u00f3xima temporada y dijo que planea utilizarlo tambi\u00e9n en la Eurocopa 2020, dijo el jueves el organismo gobernante del f\u00fatbol europeo.<\/p>\n<p>El comit\u00e9 ejecutivo de la UEFA acord\u00f3 que el VAR sea utilizado en la ronda de clasificaci\u00f3n, la fase de grupos y las etapas de eliminaci\u00f3n directa de la Champions League en la pr\u00f3xima temporada.<\/p>\n<p>\u00ab<strong>Confiamos en que la introducci\u00f3n del VAR en agosto de 2019 nos dar\u00e1 tiempo suficiente para establecer un sistema s\u00f3lido y capacitar a los \u00e1rbitros para garantizar una implementaci\u00f3n eficiente y exitosa del VAR en la Champions League<\/strong>\u00ab, dijo el presidente de la UEFA, Aleksander Ceferin.<\/p>\n<p>Ceferin hab\u00eda anunciado las intenciones de la UEFA de usar el VAR la pr\u00f3xima temporada en un evento en M\u00f3naco el mes pasado.<\/p>\n<p>La UEFA dijo en un comunicado que planea utilizar posteriormente el VAR en la Eurocopa 2020 y en la Europa League en la temporada 2020-2021 desde la fase de grupos en adelante. (D)<\/p>\n<p><img decoding=\"async\" src=\"https:\/\/www.eluniverso.com\/sites\/default\/files\/fotos\/2018\/09\/var_27.jpg\" \/><\/p>\n<p>Fuente: eluniverso.com<\/p>\n<div class=\"gsp_post_data\" \r\n\t            data-post_type=\"post\" \r\n\t            data-cat=\"deportes-internacionales,general\" \r\n\t            data-modified=\"120\"\r\n\t            data-created=\"1538132516\"\r\n\t            data-title=\"El VAR ser\u00e1 implementado en la Champions League desde la pr\u00f3xima temporada\" \r\n\t            data-home=\"https:\/\/www.evafm.net\/sitio\"><\/div>","protected":false},"excerpt":{"rendered":"<p>La\u00a0UEFA\u00a0confirm\u00f3 el uso del sistema de videoarbitraje (VAR) en la\u00a0Champions League\u00a0a partir de la pr\u00f3xima temporada y dijo que planea utilizarlo tambi\u00e9n en la Eurocopa 2020, dijo el jueves el organismo gobernante del f\u00fatbol europeo. El comit\u00e9 ejecutivo de la UEFA acord\u00f3 que el VAR sea utilizado en la ronda de clasificaci\u00f3n, la fase de&#8230;<\/p>\n","protected":false},"author":5,"featured_media":39550,"comment_status":"closed","ping_status":"open","sticky":false,"template":"","format":"standard","meta":{"_joinchat":[],"footnotes":""},"categories":[1342,1720],"tags":[],"class_list":["post-39549","post","type-post","status-publish","format-standard","has-post-thumbnail","hentry","category-deportes-internacionales","category-general","have-post-thumb"],"_links":{"self":[{"href":"https:\/\/www.evafm.net\/sitio\/wp-json\/wp\/v2\/posts\/39549","targetHints":{"allow":["GET"]}}],"collection":[{"href":"https:\/\/www.evafm.net\/sitio\/wp-json\/wp\/v2\/posts"}],"about":[{"href":"https:\/\/www.evafm.net\/sitio\/wp-json\/wp\/v2\/types\/post"}],"author":[{"embeddable":true,"href":"https:\/\/www.evafm.net\/sitio\/wp-json\/wp\/v2\/users\/5"}],"replies":[{"embeddable":true,"href":"https:\/\/www.evafm.net\/sitio\/wp-json\/wp\/v2\/comments?post=39549"}],"version-history":[{"count":1,"href":"https:\/\/www.evafm.net\/sitio\/wp-json\/wp\/v2\/posts\/39549\/revisions"}],"predecessor-version":[{"id":39551,"href":"https:\/\/www.evafm.net\/sitio\/wp-json\/wp\/v2\/posts\/39549\/revisions\/39551"}],"wp:featuredmedia":[{"embeddable":true,"href":"https:\/\/www.evafm.net\/sitio\/wp-json\/wp\/v2\/media\/39550"}],"wp:attachment":[{"href":"https:\/\/www.evafm.net\/sitio\/wp-json\/wp\/v2\/media?parent=39549"}],"wp:term":[{"taxonomy":"category","embeddable":true,"href":"https:\/\/www.evafm.net\/sitio\/wp-json\/wp\/v2\/categories?post=39549"},{"taxonomy":"post_tag","embeddable":true,"href":"https:\/\/www.evafm.net\/sitio\/wp-json\/wp\/v2\/tags?post=39549"}],"curies":[{"name":"wp","href":"https:\/\/api.w.org\/{rel}","templated":true}]}}