{"id":39635,"date":"2018-09-30T12:12:38","date_gmt":"2018-09-30T17:12:38","guid":{"rendered":"http:\/\/www.evafm.net\/sitio\/?p=39635"},"modified":"2018-09-30T12:12:38","modified_gmt":"2018-09-30T17:12:38","slug":"emelec-cede-puntos-de-oro-al-empatar-1-1-con-delfin-en-el-capwell","status":"publish","type":"post","link":"https:\/\/www.evafm.net\/sitio\/emelec-cede-puntos-de-oro-al-empatar-1-1-con-delfin-en-el-capwell\/","title":{"rendered":"Emelec cede puntos de oro al empatar 1-1 con Delf\u00edn en el Capwell"},"content":{"rendered":"<p><strong>Emelec\u00a0<\/strong>cedi\u00f3 sus primeros puntos en casa en esta segunda etapa del campeonato nacional al empatar 1-1 ante\u00a0<strong>Delf\u00edn\u00a0<\/strong>en el estadio George Capwell, este s\u00e1bado por la noche, en la jornada 12.<\/p>\n<p>El ariete\u00a0<strong>Brayan Angulo<\/strong>\u00a0(47m) adelant\u00f3 a los millonarios tras recibir un centro del uruguayo Nicol\u00e1s Queiroz. Fue el vig\u00e9simo tanto del artillero azul en el torneo.<\/p>\n<p>Los mantenses empataron el encuentro por medio del delantero\u00a0<strong>Carlos Garc\u00e9s\u00a0<\/strong>que anot\u00f3 de un testarazo tras un tiro de esquina profundo (73m).<\/p>\n<p>Con este resultado, los dirigidos de\u00a0<strong>Mariano Soso<\/strong>\u00a0se ubican provisionalmente en el segundo puesto de la clasificaci\u00f3n con 20 puntos, a dos del l\u00edder Macar\u00e1, que el lunes cerrar\u00e1 la fecha recibiendo a El Nacional en el Bellavista.<\/p>\n<p>Ahora los el\u00e9ctricos tienen pr\u00e1cticamente encima al Aucas (20) y el domingo podr\u00eda apretarse a\u00fan m\u00e1s la parte alta de la tabla si Barcelona (17) lograse vencer a Liga de Quito (14) en el Monumental.<\/p>\n<p>https:\/\/youtu.be\/wznVAlowKdA<\/p>\n<p>Fuente: eluniverso.com<\/p>\n<div class=\"gsp_post_data\" \r\n\t            data-post_type=\"post\" \r\n\t            data-cat=\"deportes-ecuador\" \r\n\t            data-modified=\"120\"\r\n\t            data-created=\"1538309558\"\r\n\t            data-title=\"Emelec cede puntos de oro al empatar 1-1 con Delf\u00edn en el Capwell\" \r\n\t            data-home=\"https:\/\/www.evafm.net\/sitio\"><\/div>","protected":false},"excerpt":{"rendered":"<p>Emelec\u00a0cedi\u00f3 sus primeros puntos en casa en esta segunda etapa del campeonato nacional al empatar 1-1 ante\u00a0Delf\u00edn\u00a0en el estadio George Capwell, este s\u00e1bado por la noche, en la jornada 12. El ariete\u00a0Brayan Angulo\u00a0(47m) adelant\u00f3 a los millonarios tras recibir un centro del uruguayo Nicol\u00e1s Queiroz. Fue el vig\u00e9simo tanto del artillero azul en el torneo&#8230;.<\/p>\n","protected":false},"author":5,"featured_media":39637,"comment_status":"closed","ping_status":"open","sticky":false,"template":"","format":"standard","meta":{"_joinchat":[],"footnotes":""},"categories":[1557],"tags":[],"class_list":["post-39635","post","type-post","status-publish","format-standard","has-post-thumbnail","hentry","category-deportes-ecuador","have-post-thumb"],"_links":{"self":[{"href":"https:\/\/www.evafm.net\/sitio\/wp-json\/wp\/v2\/posts\/39635","targetHints":{"allow":["GET"]}}],"collection":[{"href":"https:\/\/www.evafm.net\/sitio\/wp-json\/wp\/v2\/posts"}],"about":[{"href":"https:\/\/www.evafm.net\/sitio\/wp-json\/wp\/v2\/types\/post"}],"author":[{"embeddable":true,"href":"https:\/\/www.evafm.net\/sitio\/wp-json\/wp\/v2\/users\/5"}],"replies":[{"embeddable":true,"href":"https:\/\/www.evafm.net\/sitio\/wp-json\/wp\/v2\/comments?post=39635"}],"version-history":[{"count":2,"href":"https:\/\/www.evafm.net\/sitio\/wp-json\/wp\/v2\/posts\/39635\/revisions"}],"predecessor-version":[{"id":39639,"href":"https:\/\/www.evafm.net\/sitio\/wp-json\/wp\/v2\/posts\/39635\/revisions\/39639"}],"wp:featuredmedia":[{"embeddable":true,"href":"https:\/\/www.evafm.net\/sitio\/wp-json\/wp\/v2\/media\/39637"}],"wp:attachment":[{"href":"https:\/\/www.evafm.net\/sitio\/wp-json\/wp\/v2\/media?parent=39635"}],"wp:term":[{"taxonomy":"category","embeddable":true,"href":"https:\/\/www.evafm.net\/sitio\/wp-json\/wp\/v2\/categories?post=39635"},{"taxonomy":"post_tag","embeddable":true,"href":"https:\/\/www.evafm.net\/sitio\/wp-json\/wp\/v2\/tags?post=39635"}],"curies":[{"name":"wp","href":"https:\/\/api.w.org\/{rel}","templated":true}]}}