{"id":39782,"date":"2018-10-03T10:15:43","date_gmt":"2018-10-03T15:15:43","guid":{"rendered":"http:\/\/www.evafm.net\/sitio\/?p=39782"},"modified":"2018-10-03T10:15:43","modified_gmt":"2018-10-03T15:15:43","slug":"viviana-bonilla-salvo-a-sofia-espin","status":"publish","type":"post","link":"https:\/\/www.evafm.net\/sitio\/viviana-bonilla-salvo-a-sofia-espin\/","title":{"rendered":"Viviana Bonilla salv\u00f3 a Sof\u00eda Esp\u00edn"},"content":{"rendered":"<p>No hubo votos para investigar a\u00a0<b>Sof\u00eda<\/b>\u00a0<b>Esp\u00edn<\/b>\u00a0en la\u00a0<b>Asamblea<\/b>. La legisladora corre\u00edsta que, seg\u00fan el informe oficial, burl\u00f3 los filtros de un centro de detenci\u00f3n para reunirse con una testigo protegida del\u00a0<b>Caso<\/b>\u00a0<b>Balda<\/b>, se salv\u00f3 ayer de ser investigada por sus pares tal como pretend\u00eda una propuesta presentada por\u00a0<b>Esteban Bernal (CREO)<\/b>. Parece que la presidenta Elizabeth Cabezas prefiri\u00f3 suspender el tratamiento de este punto (que era el primero en el orden del d\u00eda) a permitir que los corre\u00edstas se salieran con la suya. Eso y la petici\u00f3n de\u00a0<b>Paola Vintimilla (PSC)<\/b>\u00a0de investigar la concesi\u00f3n de nacionalidad ecuatoriana a\u00a0<b>Julian<\/b><b>Assange<\/b>\u00a0empezaron a discutirse pero quedaron para resolverse en la sesi\u00f3n del Pleno de ma\u00f1ana. S\u00ed se aprob\u00f3, en cambio, y por unanimidad, un pedido de<b>Homero Castanier (CREO)\u00a0<\/b>para que los vocales del Consejo de la Judicatura transitorio comparezcan a rendir cuentas ante la Comisi\u00f3n de Fiscalizaci\u00f3n.<\/p>\n<p>Fue una sesi\u00f3n enrevesada y llena de urgentes cabildeos en la cual el tema m\u00e1s debatido fue uno de esos que sirven para ganar tiempo (o para perderlo, seg\u00fan se mire): \u201cProyecto de resoluci\u00f3n para declarar el 14 de septiembre como d\u00eda nacional de la gesti\u00f3n comunitaria del agua\u201d. Durante m\u00e1s de una hora gastaron saliva los legisladores en semejante maravilla. El caso Esp\u00edn, en cambio, apenas lleg\u00f3 un poco m\u00e1s all\u00e1 de la exposici\u00f3n de motivos a cargo de Bernal y la defensa personal de la aludida, quien se acogi\u00f3 al predecible expediente de negarlo todo y culpar al resto.<\/p>\n<p>En la bancada de\u00a0<b>CREO<\/b>, los proponentes confiaban, tras hablar con la presidenta, en contar con el apoyo de la bancada oficialista. Sin embargo, ni bien iniciada la sesi\u00f3n qued\u00f3 claro que las cosas no ser\u00edan tan f\u00e1ciles. Primero fue la intensa discusi\u00f3n que\u00a0<b>Elizabeth<\/b>\u00a0<b>Cabezas<\/b>, a su llegada, mantuvo con un grupo de asamble\u00edstas de su bloque en torno al escritorio de\u00a0<b>Silvia<\/b>\u00a0<b>Salgado<\/b>, que parec\u00eda liderar la revuelta y no se qued\u00f3 quieta en toda la sesi\u00f3n. Luego vino el inesperado viraje de su vicepresidenta\u00a0<b>Viviana<\/b>\u00a0<b>Bonilla<\/b>, quien en media sesi\u00f3n sali\u00f3 al pasillo a dar declaraciones en respaldo a Sof\u00eda Esp\u00edn.<\/p>\n<p>\u201cEste es un tema pol\u00edtico, no jur\u00eddico\u201d, dijo Bonilla. \u201c\u00bfSe imaginan si la hac\u00eda un asamble\u00edsta del Partido Social Cristiano, de CREO o de Alianza PAIS? \u00bfSe hubiera puesto ese tema en la convocatoria de hoy? \u00a1Nunca!\u201d.<\/p>\n<p>Cuando los periodistas subieron a la Red las palabras de Bonilla, Cabezas se enter\u00f3 por\u00a0<b>Twitter<\/b>\u00a0de que acababa de perder la mayor\u00eda en el Pleno y en el\u00a0<b>Consejo de Administraci\u00f3n Legislativa (CAL)<\/b>, as\u00ed que suspendi\u00f3 el debate: hasta que est\u00e9 listo el texto de la propuesta de resoluci\u00f3n, dijo con la esperanza de ganar tiempo. Lo cierto es que el texto estuvo listo casi de inmediato y el tema nunca volvi\u00f3 a tratarse.<\/p>\n<p>En eso lleg\u00f3 el emir de Catar. Tal cual. Cabezas y un pu\u00f1ado de asamble\u00edstas subieron a recibirlo en el\u00a0<b>Sal\u00f3n de los Presidentes<\/b>, en el segundo piso, y los dem\u00e1s quedaron negociando a sus anchas en el hemiciclo. Transcurri\u00f3 algo m\u00e1s de una hora pero nada se logr\u00f3. Al reiniciarse la sesi\u00f3n, a los esfuerzos de\u00a0<b>Silvia<\/b><b>Salgado<\/b>\u00a0y\u00a0<b>Viviana<\/b>\u00a0<b>Bonilla<\/b>\u00a0en beneficio de\u00a0<b>Sof\u00eda<\/b>\u00a0<b>Esp\u00edn<\/b>\u00a0se sumaron los de\u00a0<b>Jos\u00e9<\/b><b>Serrano<\/b>\u00a0(casi un desconocido en estos pagos a estas alturas de la legislatura) y\u00a0<b>Esteban<\/b>\u00a0<b>Albornoz<\/b>, que circulaban sin cesar entre los esca\u00f1os de su bloque. Se debati\u00f3 larga e inoficiosamente sobre el agua, la presidenta fue avanzando en el orden del d\u00eda hasta llegar al punto quinto, luego volvi\u00f3 al tercero y al cuarto, hizo de la agenda un acorde\u00f3n y suspendi\u00f3 la sesi\u00f3n sin mayores novedades.<\/p>\n<p>Esp\u00edn se pase\u00f3 exhibiendo su sonrisa abierta y ensayada; recibiendo los abrazos y muestras de solidaridad de sus compa\u00f1eros de bloque; feliz, risue\u00f1a y explosiva en su caracterizaci\u00f3n del nuevo personaje de v\u00edctima que le ha deparado la suerte; ella, perseguida y calumniada por el Gobierno, recibiendo los golpes del linchamiento medi\u00e1tico, tan digna, tan valiente.<\/p>\n<p><b>La judicatura al banquillo<\/b><\/p>\n<p>El consenso fue f\u00e1cil. A\u00a0<b>Homero<\/b>\u00a0<b>Castanier<\/b>\u00a0<b>(CREO)<\/b>\u00a0le bast\u00f3 con reproducir en el Pleno los audios de las reyertas producidas en el<b>\u00a0Consejo de la Judicatura de transici\u00f3n\u00a0<\/b>para garantizarse el apoyo de todos los bloques a su propuesta fiscalizadora. Ahora, los\u00a0<b>cinco vocales de la Judicatura\u00a0<\/b>deber\u00e1n presentarse ante la\u00a0<b>Comisi\u00f3n de Fiscalizaci\u00f3n<\/b>.<\/p>\n<p>Fuente: expreso.ec<\/p>\n<div class=\"gsp_post_data\" \r\n\t            data-post_type=\"post\" \r\n\t            data-cat=\"general,noticias-ecuador\" \r\n\t            data-modified=\"120\"\r\n\t            data-created=\"1538561743\"\r\n\t            data-title=\"Viviana Bonilla salv\u00f3 a Sof\u00eda Esp\u00edn\" \r\n\t            data-home=\"https:\/\/www.evafm.net\/sitio\"><\/div>","protected":false},"excerpt":{"rendered":"<p>No hubo votos para investigar a\u00a0Sof\u00eda\u00a0Esp\u00edn\u00a0en la\u00a0Asamblea. La legisladora corre\u00edsta que, seg\u00fan el informe oficial, burl\u00f3 los filtros de un centro de detenci\u00f3n para reunirse con una testigo protegida del\u00a0Caso\u00a0Balda, se salv\u00f3 ayer de ser investigada por sus pares tal como pretend\u00eda una propuesta presentada por\u00a0Esteban Bernal (CREO). Parece que la presidenta Elizabeth Cabezas prefiri\u00f3&#8230;<\/p>\n","protected":false},"author":5,"featured_media":39783,"comment_status":"closed","ping_status":"open","sticky":false,"template":"","format":"standard","meta":{"_joinchat":[],"footnotes":""},"categories":[1720,1558],"tags":[],"class_list":["post-39782","post","type-post","status-publish","format-standard","has-post-thumbnail","hentry","category-general","category-noticias-ecuador","have-post-thumb"],"_links":{"self":[{"href":"https:\/\/www.evafm.net\/sitio\/wp-json\/wp\/v2\/posts\/39782","targetHints":{"allow":["GET"]}}],"collection":[{"href":"https:\/\/www.evafm.net\/sitio\/wp-json\/wp\/v2\/posts"}],"about":[{"href":"https:\/\/www.evafm.net\/sitio\/wp-json\/wp\/v2\/types\/post"}],"author":[{"embeddable":true,"href":"https:\/\/www.evafm.net\/sitio\/wp-json\/wp\/v2\/users\/5"}],"replies":[{"embeddable":true,"href":"https:\/\/www.evafm.net\/sitio\/wp-json\/wp\/v2\/comments?post=39782"}],"version-history":[{"count":1,"href":"https:\/\/www.evafm.net\/sitio\/wp-json\/wp\/v2\/posts\/39782\/revisions"}],"predecessor-version":[{"id":39784,"href":"https:\/\/www.evafm.net\/sitio\/wp-json\/wp\/v2\/posts\/39782\/revisions\/39784"}],"wp:featuredmedia":[{"embeddable":true,"href":"https:\/\/www.evafm.net\/sitio\/wp-json\/wp\/v2\/media\/39783"}],"wp:attachment":[{"href":"https:\/\/www.evafm.net\/sitio\/wp-json\/wp\/v2\/media?parent=39782"}],"wp:term":[{"taxonomy":"category","embeddable":true,"href":"https:\/\/www.evafm.net\/sitio\/wp-json\/wp\/v2\/categories?post=39782"},{"taxonomy":"post_tag","embeddable":true,"href":"https:\/\/www.evafm.net\/sitio\/wp-json\/wp\/v2\/tags?post=39782"}],"curies":[{"name":"wp","href":"https:\/\/api.w.org\/{rel}","templated":true}]}}