{"id":39785,"date":"2018-10-03T10:19:00","date_gmt":"2018-10-03T15:19:00","guid":{"rendered":"http:\/\/www.evafm.net\/sitio\/?p=39785"},"modified":"2018-10-03T10:19:00","modified_gmt":"2018-10-03T15:19:00","slug":"gulnara-borja-se-presento-en-universidad-de-guayaquil-como-la-rectora-subrogante","status":"publish","type":"post","link":"https:\/\/www.evafm.net\/sitio\/gulnara-borja-se-presento-en-universidad-de-guayaquil-como-la-rectora-subrogante\/","title":{"rendered":"Gulnara Borja se present\u00f3 en Universidad de Guayaquil como la rectora subrogante"},"content":{"rendered":"<p>Lleg\u00f3 al edificio principal y se present\u00f3 como la rectora subrogante del destituido Galo Salcedo. El ingreso de Gulnara Borja, quien se desempe\u00f1aba como vicerrectora de Investigaci\u00f3n, Gesti\u00f3n del Conocimiento y Posgrado, se dio en medio de resguardo policial.<\/p>\n<p>Aquello ocurri\u00f3 la ma\u00f1ana de este martes, un d\u00eda despu\u00e9s de que el Tribunal Contencioso Administrativo revocara el fallo que suspend\u00eda la destituci\u00f3n de Salcedo como rector.<\/p>\n<p>El funcionario fue observado por la Contralor\u00eda respecto a la emisi\u00f3n de 28 t\u00edtulos cuestionados en la facultad de Jurisprudencia. Este organismo le notific\u00f3 sobre la destituci\u00f3n el 21 de agosto.<\/p>\n<p>Desde entonces Salcedo acudi\u00f3 a las instancias administrativas y judiciales entre el cuestionamiento de los opositores a su gesti\u00f3n.<\/p>\n<div id=\"vidoomy\"><\/div>\n<p>Luego de recibir el respaldo de quienes dijeron estar de acuerdo con la subrogaci\u00f3n, Borja calific\u00f3 el de este lunes como un \u201cd\u00eda hist\u00f3rico\u201d.<\/p>\n<p>\u201cExiste ya en la norma, que inmediatamente en la ausencia del se\u00f1or rector quien asume es la vicerrectora de Investigaci\u00f3n, Gesti\u00f3n de Conocimiento y Posgrado\u201d, asever\u00f3 ella.<\/p>\n<p>En las elecciones del 2016, Borja fue electa como vicerrectora de Investigaci\u00f3n por la lista 1 con Salcedo a la cabeza y Lianet Alonso como vicerrectora de Internacionalizaci\u00f3n.<\/p>\n<p>A fines de agosto pasado, el bloque de oposici\u00f3n a Salcedo autodenominado La Resistencia Universitaria denunci\u00f3 presuntas anomal\u00edas en la designaci\u00f3n de las autoridades del centro superior.<\/p>\n<p>La agrupaci\u00f3n sostuvo que seg\u00fan una investigaci\u00f3n dispuesta por el Consejo de Educaci\u00f3n Superior (CES), que en ese entonces no era oficial, Borja no cumpl\u00eda los requisitos para ser vicerrectora.<\/p>\n<p>Entre otras cosas, con el requerimiento de haber ejercido como docente titular por tres a\u00f1os como establece la Ley Org\u00e1nica de Educaci\u00f3n Superior (LOES) y el estatuto de la U.<\/p>\n<p>Eso fue desvirtuado, en su momento, por un vocal del CES, as\u00ed como por funcionarios de la Universidad.<\/p>\n<p>Sin embargo, afuera del edificio principal, en un intercambio de gritos de simpatizantes de Salcedo y de quienes respaldaban a Borja, del primer grupo salieron el lunes cuestionamientos en torno a que la funcionaria no cumplir\u00eda el perfil para asumir como rectora.<\/p>\n<p>Adentro, en la oficina del rectorado y rodeada de los que llegaron a respaldarla, Borja respondi\u00f3 lo siguiente: \u201cqu\u00e9 extra\u00f1o que es la propia lista 1, la que la inscribi\u00f3 y la acept\u00f3 (candidatura) como vicerrectora\u201d, recalc\u00f3 ella.<\/p>\n<p>La polic\u00eda se mantuvo en el edificio principal, donde solo accedieron quienes estaban a favor de Borja. Con ese escenario se convoc\u00f3 a sesi\u00f3n extraordinaria de consejo.<\/p>\n<p>Desde las 12:00 empezaron a llegar los delegados estudiantiles y de las diferentes facultades, pero se encontraron con la puerta cerrada y detr\u00e1s de esta con un cerco de gente.<\/p>\n<p>Hubo forcejeos e intercambio de insultos. Posteriormente, la sesi\u00f3n se instal\u00f3 en un sal\u00f3n de la Facultad de Educaci\u00f3n F\u00edsica con 21 de 34 delegados al consejo universitario.<\/p>\n<p>Previamente, Rommel Mart\u00ednez, procurador s\u00edndico de la U. de Guayaquil, refiri\u00f3 que la posesi\u00f3n de Borja carece de validez jur\u00eddica, por cuanto es el consejo universitario la instancia que debe decidir respecto a la subrogaci\u00f3n del rector.<\/p>\n<p>El consejo sesion\u00f3. Dej\u00f3 insubsistentes las decisiones tomadas por Borja, seg\u00fan la resoluci\u00f3n, \u201cde manera ileg\u00edtima\u201d. Tambi\u00e9n conform\u00f3 una comisi\u00f3n para que en el t\u00e9rmino de 48 horas informe al organismo sobre los perfiles de subrogaci\u00f3n.<\/p>\n<h2>Vocal del CES considera que hay acefal\u00eda en la Universidad Estatal<\/h2>\n<p>Para Enrique Santos, miembro acad\u00e9mico del Consejo de Educaci\u00f3n Superior (CES), la Universidad de Guayaquil est\u00e1 en acefal\u00eda actualmente.<\/p>\n<p>El funcionario se\u00f1al\u00f3 que una vez revocado el fallo que suspend\u00eda la destituci\u00f3n de Galo Salcedo como rector del centro superior, este ya no puede ser considerado como dicha autoridad.<\/p>\n<p>\u201c\u00c9l tendr\u00e1 la posibilidad de defenderse, de usar los mecanismos que dicen los jueces que puede utilizar mientras se realiza digamos todo el proceso en el (Tribunal) Contencioso Administrativo\u201d, agreg\u00f3.<\/p>\n<p>Dijo que despu\u00e9s de aquello se ver\u00e1 si Salcedo puede regresar o si se queda fuera del cargo de manera definitiva. \u201cPero al momento \u00e9l no es rector\u201d, refiri\u00f3.<\/p>\n<p>Y respecto a la presentaci\u00f3n de Gulnara Borja como la rectora subrogante de Salcedo, Santos sostuvo que nadie puede autoposesionarse.<\/p>\n<p>El vocal del CES manifest\u00f3 que para la subrogaci\u00f3n debe existir un acto administrativo por la instancia legal correspondiente que, en este caso, ser\u00eda el Consejo Universitario.<\/p>\n<p>De ah\u00ed que Santos consider\u00f3 que actualmente la Universidad de Guayaquil estar\u00eda en una especie de acefal\u00eda.<\/p>\n<p>Mencion\u00f3 que hasta las 14:00 al CES no hab\u00eda llegado requerimiento alguno para que en la sesi\u00f3n de hoy se trate la situaci\u00f3n que atraviesa el centro superior.\u00a0<strong>(I)<\/strong><\/p>\n<p>Fuente: eluniverso.com<\/p>\n<div class=\"gsp_post_data\" \r\n\t            data-post_type=\"post\" \r\n\t            data-cat=\"noticias-ecuador\" \r\n\t            data-modified=\"120\"\r\n\t            data-created=\"1538561940\"\r\n\t            data-title=\"Gulnara Borja se present\u00f3 en Universidad de Guayaquil como la rectora subrogante\" \r\n\t            data-home=\"https:\/\/www.evafm.net\/sitio\"><\/div>","protected":false},"excerpt":{"rendered":"<p>Lleg\u00f3 al edificio principal y se present\u00f3 como la rectora subrogante del destituido Galo Salcedo. El ingreso de Gulnara Borja, quien se desempe\u00f1aba como vicerrectora de Investigaci\u00f3n, Gesti\u00f3n del Conocimiento y Posgrado, se dio en medio de resguardo policial. Aquello ocurri\u00f3 la ma\u00f1ana de este martes, un d\u00eda despu\u00e9s de que el Tribunal Contencioso Administrativo&#8230;<\/p>\n","protected":false},"author":5,"featured_media":39786,"comment_status":"closed","ping_status":"open","sticky":false,"template":"","format":"standard","meta":{"_joinchat":[],"footnotes":""},"categories":[1558],"tags":[],"class_list":["post-39785","post","type-post","status-publish","format-standard","has-post-thumbnail","hentry","category-noticias-ecuador","have-post-thumb"],"_links":{"self":[{"href":"https:\/\/www.evafm.net\/sitio\/wp-json\/wp\/v2\/posts\/39785","targetHints":{"allow":["GET"]}}],"collection":[{"href":"https:\/\/www.evafm.net\/sitio\/wp-json\/wp\/v2\/posts"}],"about":[{"href":"https:\/\/www.evafm.net\/sitio\/wp-json\/wp\/v2\/types\/post"}],"author":[{"embeddable":true,"href":"https:\/\/www.evafm.net\/sitio\/wp-json\/wp\/v2\/users\/5"}],"replies":[{"embeddable":true,"href":"https:\/\/www.evafm.net\/sitio\/wp-json\/wp\/v2\/comments?post=39785"}],"version-history":[{"count":1,"href":"https:\/\/www.evafm.net\/sitio\/wp-json\/wp\/v2\/posts\/39785\/revisions"}],"predecessor-version":[{"id":39787,"href":"https:\/\/www.evafm.net\/sitio\/wp-json\/wp\/v2\/posts\/39785\/revisions\/39787"}],"wp:featuredmedia":[{"embeddable":true,"href":"https:\/\/www.evafm.net\/sitio\/wp-json\/wp\/v2\/media\/39786"}],"wp:attachment":[{"href":"https:\/\/www.evafm.net\/sitio\/wp-json\/wp\/v2\/media?parent=39785"}],"wp:term":[{"taxonomy":"category","embeddable":true,"href":"https:\/\/www.evafm.net\/sitio\/wp-json\/wp\/v2\/categories?post=39785"},{"taxonomy":"post_tag","embeddable":true,"href":"https:\/\/www.evafm.net\/sitio\/wp-json\/wp\/v2\/tags?post=39785"}],"curies":[{"name":"wp","href":"https:\/\/api.w.org\/{rel}","templated":true}]}}