{"id":39795,"date":"2018-10-03T11:32:55","date_gmt":"2018-10-03T16:32:55","guid":{"rendered":"http:\/\/www.evafm.net\/sitio\/?p=39795"},"modified":"2018-10-03T11:32:55","modified_gmt":"2018-10-03T16:32:55","slug":"eduardo-favaro-esta-firme-en-el-nacional-directivo-desmiente-renuncia","status":"publish","type":"post","link":"https:\/\/www.evafm.net\/sitio\/eduardo-favaro-esta-firme-en-el-nacional-directivo-desmiente-renuncia\/","title":{"rendered":"Eduardo Favaro est\u00e1 firme en El Nacional, directivo desmiente renuncia"},"content":{"rendered":"<div class=\"location-event\">Quito &#8211;<\/div>\n<p>Sin mantener una ventaja de dos goles, El Nacional cedi\u00f3 un empate la noche del lunes (2-2) ante Macar\u00e1 en Ambato, situaci\u00f3n que dio pie a una posible salida del DT Eduardo Favaro de filas criollas, algo que la dirigencia desminti\u00f3.<\/p>\n<p>Esta ma\u00f1ana, en di\u00e1logo con la radio \u00c1rea Deportiva, N\u00e9stor Landeta, gerente deportivo del club, coment\u00f3 del tema y neg\u00f3 que el profesional uruguayo deje la instituci\u00f3n.<\/p>\n<p>\u00abNo existe nada de eso, nada de que el profesor se vaya. El club regres\u00f3 anoche de Ambato y qued\u00f3 concentrado, se trabajaron con el profesor en la ma\u00f1ana, no hay ninguna renuncia\u00bb, indic\u00f3 Landeta.<\/p>\n<p>El directivo revel\u00f3 que en el contrato que se mantiene con el estratega \u00abhay cl\u00e1usulas de rescisi\u00f3n\u00bb que deber\u00edan solventar las partes para una salida del t\u00e9cnico charr\u00faa.<\/p>\n<p>Aunque el directivo reconoci\u00f3 que \u00abtodo est\u00e1 tranquilo\u00bb a la interna del club, la situaci\u00f3n futbol\u00edstica de los criollos no es de la mejor, con cuatro partidos sin triunfos y apenas el empate ante Macar\u00e1 que suma a la tabla, en la que los criollos se ubican d\u00e9cimos, en la etapa y en la acumulada.<\/p>\n<p>\u00abEs una situaci\u00f3n dif\u00edcil, pero aspiramos a mejorar y terminar de mejor manera la temporada\u00bb, indic\u00f3 Landeta. (D)<\/p>\n<p>Fuente: eluniverso.com<\/p>\n<div class=\"gsp_post_data\" \r\n\t            data-post_type=\"post\" \r\n\t            data-cat=\"deportes-ecuador,general\" \r\n\t            data-modified=\"120\"\r\n\t            data-created=\"1538566375\"\r\n\t            data-title=\"Eduardo Favaro est\u00e1 firme en El Nacional, directivo desmiente renuncia\" \r\n\t            data-home=\"https:\/\/www.evafm.net\/sitio\"><\/div>","protected":false},"excerpt":{"rendered":"<p>Quito &#8211; Sin mantener una ventaja de dos goles, El Nacional cedi\u00f3 un empate la noche del lunes (2-2) ante Macar\u00e1 en Ambato, situaci\u00f3n que dio pie a una posible salida del DT Eduardo Favaro de filas criollas, algo que la dirigencia desminti\u00f3. Esta ma\u00f1ana, en di\u00e1logo con la radio \u00c1rea Deportiva, N\u00e9stor Landeta, gerente&#8230;<\/p>\n","protected":false},"author":5,"featured_media":39796,"comment_status":"closed","ping_status":"open","sticky":false,"template":"","format":"standard","meta":{"_joinchat":[],"footnotes":""},"categories":[1557,1720],"tags":[],"class_list":["post-39795","post","type-post","status-publish","format-standard","has-post-thumbnail","hentry","category-deportes-ecuador","category-general","have-post-thumb"],"_links":{"self":[{"href":"https:\/\/www.evafm.net\/sitio\/wp-json\/wp\/v2\/posts\/39795","targetHints":{"allow":["GET"]}}],"collection":[{"href":"https:\/\/www.evafm.net\/sitio\/wp-json\/wp\/v2\/posts"}],"about":[{"href":"https:\/\/www.evafm.net\/sitio\/wp-json\/wp\/v2\/types\/post"}],"author":[{"embeddable":true,"href":"https:\/\/www.evafm.net\/sitio\/wp-json\/wp\/v2\/users\/5"}],"replies":[{"embeddable":true,"href":"https:\/\/www.evafm.net\/sitio\/wp-json\/wp\/v2\/comments?post=39795"}],"version-history":[{"count":1,"href":"https:\/\/www.evafm.net\/sitio\/wp-json\/wp\/v2\/posts\/39795\/revisions"}],"predecessor-version":[{"id":39797,"href":"https:\/\/www.evafm.net\/sitio\/wp-json\/wp\/v2\/posts\/39795\/revisions\/39797"}],"wp:featuredmedia":[{"embeddable":true,"href":"https:\/\/www.evafm.net\/sitio\/wp-json\/wp\/v2\/media\/39796"}],"wp:attachment":[{"href":"https:\/\/www.evafm.net\/sitio\/wp-json\/wp\/v2\/media?parent=39795"}],"wp:term":[{"taxonomy":"category","embeddable":true,"href":"https:\/\/www.evafm.net\/sitio\/wp-json\/wp\/v2\/categories?post=39795"},{"taxonomy":"post_tag","embeddable":true,"href":"https:\/\/www.evafm.net\/sitio\/wp-json\/wp\/v2\/tags?post=39795"}],"curies":[{"name":"wp","href":"https:\/\/api.w.org\/{rel}","templated":true}]}}