{"id":39804,"date":"2018-10-03T11:58:37","date_gmt":"2018-10-03T16:58:37","guid":{"rendered":"http:\/\/www.evafm.net\/sitio\/?p=39804"},"modified":"2018-10-03T11:58:37","modified_gmt":"2018-10-03T16:58:37","slug":"la-sorprendente-primera-imagen-de-rambo-5","status":"publish","type":"post","link":"https:\/\/www.evafm.net\/sitio\/la-sorprendente-primera-imagen-de-rambo-5\/","title":{"rendered":"La sorprendente primera imagen de &#8216;Rambo 5&#8217;"},"content":{"rendered":"<p>Hace tantos a\u00f1os que se viene hablando de\u00a0<strong>&#8216;Rambo 5&#8217;<\/strong>\u00a0que seguro que no era el \u00fanico que pensaba que\u00a0<strong>Sylvester Stallone<\/strong>\u00a0ya no iba a hacerla. Sin embargo, el propio actor ha confirmado que el rodaje ha comenzado lanzando una\u00a0<strong>primera imagen bastante sorprendente<\/strong>\u00a0del veterano de guerra m\u00e1s popular de la historia del cine.<\/p>\n<p>Lo cierto es que tras\u00a0<strong>el shock inicial<\/strong>\u00a0no es tan dif\u00edcil verle sentido a esa apariencia de cowboy de John Rambo, ya que en la \u00faltima entrega volv\u00eda a Estados Unidos y visitaba el rancho de su padre en Arizona. Lo m\u00e1s probable es que decidiera quedarse all\u00ed y que este primer vistazo a la pel\u00edcula sea del comienzo de la misma, aunque su pl\u00e1cida vida no tardar\u00e1 en complicarse.<\/p>\n<p>En &#8216;Rambo 5&#8217; seguiremos al protagonista enfrent\u00e1ndose a un c\u00e1rtel de la droga mexicano porque han secuestrado a la hija de un amigo suyo. Habr\u00e1 que ver si la pel\u00edcula dirigida por\u00a0<strong>Adrian Grunberg<\/strong>, responsable de\u00a0&#8216;Vacaciones en el infierno&#8217;, mantiene el tono b\u00e9lico habitual de la saga o si potencia un tono de western m\u00e1s propio de la imagen lanzada por Stallone. A fin de cuentas, la premisa tiene sus puntos en com\u00fan con la de\u00a0&#8216;Centauros del desierto&#8217;&#8230;<\/p>\n<p>Imagino que no tardaremos en tener m\u00e1s noticias sobre &#8216;Rambo 5&#8217;, ya que\u00a0<strong>su estreno est\u00e1 previsto para 2019<\/strong>. Adem\u00e1s, a Stallone le interesa que la gente siga hablando de ella, que con Rocky Balboa\u00a0consigui\u00f3 resucitar\u00a0con acierto una franquicia que todo el mundo daba por muerta, \u00bfvolver\u00e1 a lograrlo con John Rambo?<\/p>\n<p>https:\/\/www.instagram.com\/p\/BocDkqEBMBg\/?utm_source=ig_web_copy_link<\/p>\n<p>https:\/\/www.instagram.com\/p\/BocOcTUhGWJ\/?utm_source=ig_web_copy_link<\/p>\n<p>Fuente: espinof.com . instagram.com<\/p>\n<div class=\"gsp_post_data\" \r\n\t            data-post_type=\"post\" \r\n\t            data-cat=\"espectaculos,general\" \r\n\t            data-modified=\"120\"\r\n\t            data-created=\"1538567917\"\r\n\t            data-title=\"La sorprendente primera imagen de &#8216;Rambo 5&#8217;\" \r\n\t            data-home=\"https:\/\/www.evafm.net\/sitio\"><\/div>","protected":false},"excerpt":{"rendered":"<p>Hace tantos a\u00f1os que se viene hablando de\u00a0&#8216;Rambo 5&#8217;\u00a0que seguro que no era el \u00fanico que pensaba que\u00a0Sylvester Stallone\u00a0ya no iba a hacerla. Sin embargo, el propio actor ha confirmado que el rodaje ha comenzado lanzando una\u00a0primera imagen bastante sorprendente\u00a0del veterano de guerra m\u00e1s popular de la historia del cine. Lo cierto es que tras\u00a0el&#8230;<\/p>\n","protected":false},"author":5,"featured_media":39806,"comment_status":"closed","ping_status":"open","sticky":false,"template":"","format":"standard","meta":{"_joinchat":[],"footnotes":""},"categories":[4,1720],"tags":[],"class_list":["post-39804","post","type-post","status-publish","format-standard","has-post-thumbnail","hentry","category-espectaculos","category-general","have-post-thumb"],"_links":{"self":[{"href":"https:\/\/www.evafm.net\/sitio\/wp-json\/wp\/v2\/posts\/39804","targetHints":{"allow":["GET"]}}],"collection":[{"href":"https:\/\/www.evafm.net\/sitio\/wp-json\/wp\/v2\/posts"}],"about":[{"href":"https:\/\/www.evafm.net\/sitio\/wp-json\/wp\/v2\/types\/post"}],"author":[{"embeddable":true,"href":"https:\/\/www.evafm.net\/sitio\/wp-json\/wp\/v2\/users\/5"}],"replies":[{"embeddable":true,"href":"https:\/\/www.evafm.net\/sitio\/wp-json\/wp\/v2\/comments?post=39804"}],"version-history":[{"count":1,"href":"https:\/\/www.evafm.net\/sitio\/wp-json\/wp\/v2\/posts\/39804\/revisions"}],"predecessor-version":[{"id":39808,"href":"https:\/\/www.evafm.net\/sitio\/wp-json\/wp\/v2\/posts\/39804\/revisions\/39808"}],"wp:featuredmedia":[{"embeddable":true,"href":"https:\/\/www.evafm.net\/sitio\/wp-json\/wp\/v2\/media\/39806"}],"wp:attachment":[{"href":"https:\/\/www.evafm.net\/sitio\/wp-json\/wp\/v2\/media?parent=39804"}],"wp:term":[{"taxonomy":"category","embeddable":true,"href":"https:\/\/www.evafm.net\/sitio\/wp-json\/wp\/v2\/categories?post=39804"},{"taxonomy":"post_tag","embeddable":true,"href":"https:\/\/www.evafm.net\/sitio\/wp-json\/wp\/v2\/tags?post=39804"}],"curies":[{"name":"wp","href":"https:\/\/api.w.org\/{rel}","templated":true}]}}