{"id":39822,"date":"2018-10-03T12:43:28","date_gmt":"2018-10-03T17:43:28","guid":{"rendered":"http:\/\/www.evafm.net\/sitio\/?p=39822"},"modified":"2018-10-03T12:43:28","modified_gmt":"2018-10-03T17:43:28","slug":"compositores-latinos-premian-a-gente-de-zona-descemer-bueno-y-karol-g","status":"publish","type":"post","link":"https:\/\/www.evafm.net\/sitio\/compositores-latinos-premian-a-gente-de-zona-descemer-bueno-y-karol-g\/","title":{"rendered":"Compositores latinos premian a Gente de Zona, Descemer Bueno y Karol G"},"content":{"rendered":"<p>El Sal\u00f3n de la Fama de los Compositores Latinos (LSHOF) anunci\u00f3 hoy que distinguir\u00e1 a los cubanos del d\u00fao Gente de Zona y Descemer Bueno y a la colombiana Karol G durante la sexta edici\u00f3n de sus Premios La Musa, que entregar\u00e1 en Miami (EE.UU.) el pr\u00f3ximo 18 de octubre.<\/p>\n<p>Los premiados representan \u00abla nueva generaci\u00f3n que est\u00e1 estableciendo el curso de la m\u00fasica latina en su camino para convertirse en futuros compositores\u00bb del LSHOF, manifestaron los m\u00fasicos y fundadores del sal\u00f3n, Desmond Child y Rudy P\u00e9rez. Gente de Zona y Descemer Bueno recibir\u00e1n los premios Triunfador y Conquistador, respectivamente, mientras que Karol G ser\u00e1 honrada con la Musa Elena Casals, que destaca a las mujeres en esta industria.<\/p>\n<p>\u00abEstamos reconociendo y alentando su potencial imparable mientras depositamos con confianza todas nuestras esperanzas y sue\u00f1os en ellos\u00bb, manifestaron Child y P\u00e9rez en un comunicado.<\/p>\n<p>El premio me \u00abmotiva a seguir haciendo lo que m\u00e1s amo a trav\u00e9s de mi m\u00fasica e inspirar a otros y poder llegar a todos los rincones del mundo\u00bb, manifest\u00f3 la colombiana Karol G.<\/p>\n<p>Para Gente de Zona, se trata de un tributo a su trayectoria.<\/p>\n<p>\u00abEstamos orgullosos de recibir este prestigioso premio despu\u00e9s de tantos a\u00f1os en la industria\u00bb, manifest\u00f3 el d\u00fao. En la ceremonia, que se celebrar\u00e1 en el James L. Knight Center de Miami, se rendir\u00eda tributo al cantante espa\u00f1ol Raphael con el galard\u00f3n especial Leyenda En Vida, y se homenajear\u00e1 a la mexicana Gloria Trevi, el cubano Chucho Vald\u00e9s, el ecuatoriano Carlos Rubio Infante y el venezolano Fernando Osorio, que entrar\u00e1n en el Sal\u00f3n de la Fama de los Compositores Latinos.<\/p>\n<p>De igual forma, el salsero puertorrique\u00f1o V\u00edctor Manuelle recibir\u00e1 el galard\u00f3n especial Premio \u00cdcono.<\/p>\n<p>La misi\u00f3n de LSHOF es educar, honrar y celebrar la vida y la m\u00fasica de los compositores m\u00e1s grandes de la industria de la m\u00fasica latina y as\u00ed inspirar a las nuevas generaciones de artistas musicales a trav\u00e9s de clases magistrales, talleres, becas e iniciativas digitales.<\/p>\n<p><iframe title=\"Gente de Zona - La Gozadera (Official Video) ft. Marc Anthony\" width=\"1200\" height=\"675\" src=\"https:\/\/www.youtube.com\/embed\/VMp55KH_3wo?feature=oembed\" frameborder=\"0\" allow=\"accelerometer; autoplay; clipboard-write; encrypted-media; gyroscope; picture-in-picture; web-share\" referrerpolicy=\"strict-origin-when-cross-origin\" allowfullscreen><\/iframe><\/p>\n<p><iframe title=\"Gente de Zona - Traidora (Official Video) ft. Marc Anthony\" width=\"1200\" height=\"675\" src=\"https:\/\/www.youtube.com\/embed\/_oMfwHYSRIk?feature=oembed\" frameborder=\"0\" allow=\"accelerometer; autoplay; clipboard-write; encrypted-media; gyroscope; picture-in-picture; web-share\" referrerpolicy=\"strict-origin-when-cross-origin\" allowfullscreen><\/iframe><\/p>\n<p>Fuente: elnuevodiario.com.ni<\/p>\n<p>&nbsp;<\/p>\n<p>&nbsp;<\/p>\n<div class=\"gsp_post_data\" \r\n\t            data-post_type=\"post\" \r\n\t            data-cat=\"farandula-internacional\" \r\n\t            data-modified=\"120\"\r\n\t            data-created=\"1538570608\"\r\n\t            data-title=\"Compositores latinos premian a Gente de Zona, Descemer Bueno y Karol G\" \r\n\t            data-home=\"https:\/\/www.evafm.net\/sitio\"><\/div>","protected":false},"excerpt":{"rendered":"<p>El Sal\u00f3n de la Fama de los Compositores Latinos (LSHOF) anunci\u00f3 hoy que distinguir\u00e1 a los cubanos del d\u00fao Gente de Zona y Descemer Bueno y a la colombiana Karol G durante la sexta edici\u00f3n de sus Premios La Musa, que entregar\u00e1 en Miami (EE.UU.) el pr\u00f3ximo 18 de octubre. Los premiados representan \u00abla nueva&#8230;<\/p>\n","protected":false},"author":5,"featured_media":39823,"comment_status":"closed","ping_status":"open","sticky":false,"template":"","format":"standard","meta":{"_joinchat":[],"footnotes":""},"categories":[1346],"tags":[],"class_list":["post-39822","post","type-post","status-publish","format-standard","has-post-thumbnail","hentry","category-farandula-internacional","have-post-thumb"],"_links":{"self":[{"href":"https:\/\/www.evafm.net\/sitio\/wp-json\/wp\/v2\/posts\/39822","targetHints":{"allow":["GET"]}}],"collection":[{"href":"https:\/\/www.evafm.net\/sitio\/wp-json\/wp\/v2\/posts"}],"about":[{"href":"https:\/\/www.evafm.net\/sitio\/wp-json\/wp\/v2\/types\/post"}],"author":[{"embeddable":true,"href":"https:\/\/www.evafm.net\/sitio\/wp-json\/wp\/v2\/users\/5"}],"replies":[{"embeddable":true,"href":"https:\/\/www.evafm.net\/sitio\/wp-json\/wp\/v2\/comments?post=39822"}],"version-history":[{"count":1,"href":"https:\/\/www.evafm.net\/sitio\/wp-json\/wp\/v2\/posts\/39822\/revisions"}],"predecessor-version":[{"id":39826,"href":"https:\/\/www.evafm.net\/sitio\/wp-json\/wp\/v2\/posts\/39822\/revisions\/39826"}],"wp:featuredmedia":[{"embeddable":true,"href":"https:\/\/www.evafm.net\/sitio\/wp-json\/wp\/v2\/media\/39823"}],"wp:attachment":[{"href":"https:\/\/www.evafm.net\/sitio\/wp-json\/wp\/v2\/media?parent=39822"}],"wp:term":[{"taxonomy":"category","embeddable":true,"href":"https:\/\/www.evafm.net\/sitio\/wp-json\/wp\/v2\/categories?post=39822"},{"taxonomy":"post_tag","embeddable":true,"href":"https:\/\/www.evafm.net\/sitio\/wp-json\/wp\/v2\/tags?post=39822"}],"curies":[{"name":"wp","href":"https:\/\/api.w.org\/{rel}","templated":true}]}}