{"id":39857,"date":"2018-10-04T10:00:08","date_gmt":"2018-10-04T15:00:08","guid":{"rendered":"http:\/\/www.evafm.net\/sitio\/?p=39857"},"modified":"2018-10-04T10:00:08","modified_gmt":"2018-10-04T15:00:08","slug":"fluminense-vs-dep-cuenca-copa-sudamericana-2018","status":"publish","type":"post","link":"https:\/\/www.evafm.net\/sitio\/fluminense-vs-dep-cuenca-copa-sudamericana-2018\/","title":{"rendered":"Fluminense vs Dep. Cuenca &#8211; Copa Sudamericana 2018"},"content":{"rendered":"<p id=\"p89875-m301-300-302\" class=\"parrafo first-parrafo first-p\"><b>Deportivo Cuenca\u00a0<\/b>vs\u00a0\u00a0<b>Fluminense\u00a0<\/b>\u00a0chocan\u00a0<b>EN VIVO EN DIRECTO y ONLINE TV<\/b>\u00a0v\u00eda FOX Sports 3 desde el Estadio Maracan\u00e1 por el pase a cuartos de final de la\u00a0<b>Copa Sudamericana\u00a0\u00a02018<\/b>\u00a0desde las 5:30 p.m. Sigue las incidencias en Depor.com.<\/p>\n<p id=\"p89875-m344-1-345\" class=\"parrafo first-parrafo\">El ecuatoriano Cuenca deber\u00e1 \u00absuperar lo imposible\u00bb para arrebatarle al brasile\u00f1o Fluminense el cupo a la siguiente ronda del certamen. En la ida, el &#8216;Flu&#8217; se impuso por 2-0 y tiene la primera chance de avanzar a cuartos de final.<\/p>\n<div id=\"ads_d_inline\"><\/div>\n<p id=\"p89875-m349-2-350\" class=\"parrafo first-parrafo\">\u00bfA qu\u00e9 hora juegan\u00a0<b>Deportivo Cuenca<\/b>\u00a0y\u00a0<b>Fluminense<\/b>\u00a0por cuartos de final de la Copa Libertadores 2018?<\/p>\n<p id=\"p89875-m354-3-355\" class=\"parrafo first-parrafo\">Per\u00fa &#8211; 17:30 horas (Fox Sports 3)<br \/>\nColombia &#8211; 17:30 horas (Fox Sports 3)<br \/>\nEcuador &#8211; 17:30 horas (Fox Sports 3)<br \/>\nM\u00e9xico &#8211; 17:30 horas (Fox Sports 3)<br \/>\nChile &#8211; 19:30 horas (Fox Sports 3)<br \/>\nArgentina &#8211; 19:30 horas (Fox Sports 3)<br \/>\nEspa\u00f1a &#8211; 00:30 horas (-)<\/p>\n<p id=\"p89875-m359-4-360\" class=\"parrafo first-parrafo\">Aunque\u00a0<b>Fluminense\u00a0<\/b>tiene a su favor estadio, afici\u00f3n y resultados, enfrentar\u00e1 a un equipo con ganas de quitarse una espina del orgullo y lavar su imagen.<\/p>\n<p id=\"p89875-m364-5-365\" class=\"parrafo first-parrafo\">Los buenos resultados le han dado la espalda a\u00a0<b>Deportivo Cuenca<\/b>. Los &#8216;Morlacos&#8217; cayeron 1-0 frente a Independiente del Valle en su \u00faltimo duelo en el campeonato ecuatoriano, en el que marchan octavos entre doce equipos.<\/p>\n<p id=\"p89875-m369-6-370\" class=\"parrafo first-parrafo\">Sin embargo, el &#8216;Expreso austral&#8217; ha convertido su pena en optimismo para intentar remontar el marcador en contra que arrastra desde la ida de los octavos de la Sudamericana-2018.<\/p>\n<p>\u00abAhora nos toca superar lo imposible. Para eso es que venimos\u00bb, dijo a la prensa el DT de\u00a0<b>Deportivo Cuenca<\/b>, Richard P\u00e1ez, en declaraciones difundidas por diario El Tiempo.<\/p>\n<p>A\u00a0<b>Fluminense<\/b>\u00a0tampoco le ha ido bien en su torneo local, en el que marcha d\u00e9cimo entre veinte equipos tras perder 1-0 en la \u00faltima fecha ante Gremio.\u00a0Sin embargo, su carta de presentaci\u00f3n es su destacada participaci\u00f3n en Sudamericana en la que ya saborea un pase a los cuartos de final.<\/p>\n<p id=\"p89875-m374-7-375\" class=\"parrafo first-parrafo\">\u00abVamos a pelear por el t\u00edtulo de la Sudamericana y por la vacante para disputar la Libertadores el a\u00f1o que viene\u00bb, dijo el defensor L\u00e9o, en declaraciones difundidas por el club en su sitio web.<\/p>\n<p id=\"p89875-m379-8-380\" class=\"parrafo first-parrafo\">El ganador de esta llave se enfrentar\u00e1 en la siguiente ronda de la Copa Sudamericana con Nacional de Uruguay, que dej\u00f3 en el camino a San Lorenzo de Argentina.<\/p>\n<p id=\"p89875-m384-9-385\" class=\"parrafo first-parrafo\"><b>Deportivo Cuenca vs. Fluminense: probables alineaciones<\/b><\/p>\n<p id=\"p89875-m389-10-390\" class=\"parrafo first-parrafo\"><b>Fluminense:\u00a0<\/b>\u00a0J\u00falio C\u00e9sar &#8211; L\u00e9o, Gum, Dig\u00e3o, Ayrton &#8211; Richard, Jadson, Marcos J\u00fanior, Luciano &#8211; Everaldo y Junior Sornoza. DT: Marcelo Oliveira.<\/p>\n<p id=\"p89875-m394-11-395\" class=\"parrafo first-parrafo\"><b>Deportivo Cuenca:<\/b>\u00a0Brian Heras &#8211; Carlos Cuero, Anthony Bedoya, Luca Sosa, Bryan Carabal\u00ed &#8211; Marco Mosquera, John Rodr\u00edguez, Emmanuel Mart\u00ednez, Edison Preciado &#8211; Juan Diego Rojas y Jacson Pita. DT: Richard P\u00e1ez.<\/p>\n<p id=\"p89875-m399-12-400\" class=\"parrafo first-parrafo\"><i>Con informaci\u00f3n de AFP<\/i><\/p>\n<p>Fuente: depor.com<\/p>\n<div class=\"gsp_post_data\" \r\n\t            data-post_type=\"post\" \r\n\t            data-cat=\"deportes-internacionales,general\" \r\n\t            data-modified=\"120\"\r\n\t            data-created=\"1538647208\"\r\n\t            data-title=\"Fluminense vs Dep. Cuenca &#8211; Copa Sudamericana 2018\" \r\n\t            data-home=\"https:\/\/www.evafm.net\/sitio\"><\/div>","protected":false},"excerpt":{"rendered":"<p>Deportivo Cuenca\u00a0vs\u00a0\u00a0Fluminense\u00a0\u00a0chocan\u00a0EN VIVO EN DIRECTO y ONLINE TV\u00a0v\u00eda FOX Sports 3 desde el Estadio Maracan\u00e1 por el pase a cuartos de final de la\u00a0Copa Sudamericana\u00a0\u00a02018\u00a0desde las 5:30 p.m. Sigue las incidencias en Depor.com. El ecuatoriano Cuenca deber\u00e1 \u00absuperar lo imposible\u00bb para arrebatarle al brasile\u00f1o Fluminense el cupo a la siguiente ronda del certamen. En la&#8230;<\/p>\n","protected":false},"author":5,"featured_media":39858,"comment_status":"closed","ping_status":"open","sticky":false,"template":"","format":"standard","meta":{"_joinchat":[],"footnotes":""},"categories":[1342,1720],"tags":[],"class_list":["post-39857","post","type-post","status-publish","format-standard","has-post-thumbnail","hentry","category-deportes-internacionales","category-general","have-post-thumb"],"_links":{"self":[{"href":"https:\/\/www.evafm.net\/sitio\/wp-json\/wp\/v2\/posts\/39857","targetHints":{"allow":["GET"]}}],"collection":[{"href":"https:\/\/www.evafm.net\/sitio\/wp-json\/wp\/v2\/posts"}],"about":[{"href":"https:\/\/www.evafm.net\/sitio\/wp-json\/wp\/v2\/types\/post"}],"author":[{"embeddable":true,"href":"https:\/\/www.evafm.net\/sitio\/wp-json\/wp\/v2\/users\/5"}],"replies":[{"embeddable":true,"href":"https:\/\/www.evafm.net\/sitio\/wp-json\/wp\/v2\/comments?post=39857"}],"version-history":[{"count":1,"href":"https:\/\/www.evafm.net\/sitio\/wp-json\/wp\/v2\/posts\/39857\/revisions"}],"predecessor-version":[{"id":39859,"href":"https:\/\/www.evafm.net\/sitio\/wp-json\/wp\/v2\/posts\/39857\/revisions\/39859"}],"wp:featuredmedia":[{"embeddable":true,"href":"https:\/\/www.evafm.net\/sitio\/wp-json\/wp\/v2\/media\/39858"}],"wp:attachment":[{"href":"https:\/\/www.evafm.net\/sitio\/wp-json\/wp\/v2\/media?parent=39857"}],"wp:term":[{"taxonomy":"category","embeddable":true,"href":"https:\/\/www.evafm.net\/sitio\/wp-json\/wp\/v2\/categories?post=39857"},{"taxonomy":"post_tag","embeddable":true,"href":"https:\/\/www.evafm.net\/sitio\/wp-json\/wp\/v2\/tags?post=39857"}],"curies":[{"name":"wp","href":"https:\/\/api.w.org\/{rel}","templated":true}]}}