{"id":39891,"date":"2018-10-04T12:42:01","date_gmt":"2018-10-04T17:42:01","guid":{"rendered":"http:\/\/www.evafm.net\/sitio\/?p=39891"},"modified":"2018-10-04T12:42:01","modified_gmt":"2018-10-04T17:42:01","slug":"adamari-lopez-presume-su-nueva-figura","status":"publish","type":"post","link":"https:\/\/www.evafm.net\/sitio\/adamari-lopez-presume-su-nueva-figura\/","title":{"rendered":"Adamari L\u00f3pez presume su nueva figura"},"content":{"rendered":"<p>A casi un a\u00f1o de que Adamari L\u00f3pez recibiera constantes e hirientes cr\u00edticas por su peso, la presentadora del programa\u00a0Un Nuevo D\u00eda\u00a0sorprendi\u00f3 a todos con su nueva y mejorada imagen.<\/p>\n<p>Tiempo despu\u00e9s de las constantes burlas y se\u00f1alamientos por medio de las redes sociales, la pareja del bailar\u00edn\u00a0Toni Costa\u00a0tom\u00f3 la decisi\u00f3n de comenzar a cuidar su templo con dieta balanceada y rutinas de ejercicios.<\/p>\n<p>El camino que ha transitado desde entonces la boricua no ha sido nada f\u00e1cil, puesto que se requiere de mucha determinaci\u00f3n y disciplina para observar resultados positivos.<\/p>\n<p>La tambi\u00e9n actriz demostr\u00f3 tener las cualidades necesarias para modificar su cuerpo, pues en menos de cuatro meses el cambio es notorio.<\/p>\n<p>Inclusive, ech\u00f3 mano de una reducci\u00f3n de papada por parte de su m\u00e9dico de confianza el doctor Campos, tal y como lo mostr\u00f3 en diversas ocasiones por medio de sus historias de Instagram.<\/p>\n<p>El pasado fin de semana Adamari pudo presumir los resultados de sus cambios de h\u00e1bitos.<\/p>\n<p>Todo ocurri\u00f3 cuando Adamari se reuni\u00f3 con\u00a0distintas influencers en un restaurante de Miami para compartir las ventajas de una estrategia que\u00a0facilita el acceso a internet a gente de bajos recursos.<\/p>\n<p>A la reuni\u00f3n, L\u00f3pez arrib\u00f3 con un entallado vestido en color rojo el cual permiti\u00f3 apreciar sus m\u00e1s delgadas y tonificadas piernas, mientras que en la parte superior del mismo se ubicaba un pronunciado escote que dej\u00f3 entre ver sus abultados encantos.<\/p>\n<p><img decoding=\"async\" src=\"https:\/\/res.cloudinary.com\/mundo\/image\/upload\/f_auto,q_auto\/v1538627722\/Captura-de-pantalla-2018-10-03-a-las-23.34.32_gxtzta.png\" \/><\/p>\n<p><img decoding=\"async\" src=\"https:\/\/res.cloudinary.com\/mundo\/image\/upload\/f_auto,q_auto\/v1538620294\/ADAMARILOPEZinfluencersComcast-02_vdurla.jpg\" alt=\"Adamari L\u00c3\u00b3pez\" \/><\/p>\n<p>&nbsp;<\/p>\n<p>Fuente: mundohispanico.com<\/p>\n<div class=\"gsp_post_data\" \r\n\t            data-post_type=\"post\" \r\n\t            data-cat=\"farandula-internacional\" \r\n\t            data-modified=\"120\"\r\n\t            data-created=\"1538656921\"\r\n\t            data-title=\"Adamari L\u00f3pez presume su nueva figura\" \r\n\t            data-home=\"https:\/\/www.evafm.net\/sitio\"><\/div>","protected":false},"excerpt":{"rendered":"<p>A casi un a\u00f1o de que Adamari L\u00f3pez recibiera constantes e hirientes cr\u00edticas por su peso, la presentadora del programa\u00a0Un Nuevo D\u00eda\u00a0sorprendi\u00f3 a todos con su nueva y mejorada imagen. Tiempo despu\u00e9s de las constantes burlas y se\u00f1alamientos por medio de las redes sociales, la pareja del bailar\u00edn\u00a0Toni Costa\u00a0tom\u00f3 la decisi\u00f3n de comenzar a cuidar&#8230;<\/p>\n","protected":false},"author":5,"featured_media":39892,"comment_status":"closed","ping_status":"open","sticky":false,"template":"","format":"standard","meta":{"_joinchat":[],"footnotes":""},"categories":[1346],"tags":[],"class_list":["post-39891","post","type-post","status-publish","format-standard","has-post-thumbnail","hentry","category-farandula-internacional","have-post-thumb"],"_links":{"self":[{"href":"https:\/\/www.evafm.net\/sitio\/wp-json\/wp\/v2\/posts\/39891","targetHints":{"allow":["GET"]}}],"collection":[{"href":"https:\/\/www.evafm.net\/sitio\/wp-json\/wp\/v2\/posts"}],"about":[{"href":"https:\/\/www.evafm.net\/sitio\/wp-json\/wp\/v2\/types\/post"}],"author":[{"embeddable":true,"href":"https:\/\/www.evafm.net\/sitio\/wp-json\/wp\/v2\/users\/5"}],"replies":[{"embeddable":true,"href":"https:\/\/www.evafm.net\/sitio\/wp-json\/wp\/v2\/comments?post=39891"}],"version-history":[{"count":1,"href":"https:\/\/www.evafm.net\/sitio\/wp-json\/wp\/v2\/posts\/39891\/revisions"}],"predecessor-version":[{"id":39893,"href":"https:\/\/www.evafm.net\/sitio\/wp-json\/wp\/v2\/posts\/39891\/revisions\/39893"}],"wp:featuredmedia":[{"embeddable":true,"href":"https:\/\/www.evafm.net\/sitio\/wp-json\/wp\/v2\/media\/39892"}],"wp:attachment":[{"href":"https:\/\/www.evafm.net\/sitio\/wp-json\/wp\/v2\/media?parent=39891"}],"wp:term":[{"taxonomy":"category","embeddable":true,"href":"https:\/\/www.evafm.net\/sitio\/wp-json\/wp\/v2\/categories?post=39891"},{"taxonomy":"post_tag","embeddable":true,"href":"https:\/\/www.evafm.net\/sitio\/wp-json\/wp\/v2\/tags?post=39891"}],"curies":[{"name":"wp","href":"https:\/\/api.w.org\/{rel}","templated":true}]}}