{"id":39900,"date":"2018-10-04T13:18:08","date_gmt":"2018-10-04T18:18:08","guid":{"rendered":"http:\/\/www.evafm.net\/sitio\/?p=39900"},"modified":"2018-10-04T13:18:08","modified_gmt":"2018-10-04T18:18:08","slug":"los-convocados-de-hernan-dario-gomez","status":"publish","type":"post","link":"https:\/\/www.evafm.net\/sitio\/los-convocados-de-hernan-dario-gomez\/","title":{"rendered":"Los convocados de Hern\u00e1n Dar\u00edo G\u00f3mez"},"content":{"rendered":"<p>La selecci\u00f3n de\u00a0<strong>Ecuador<\/strong>\u00a0enfrentar\u00e1 dos compromisos amistosos ante las selecciones de<strong>\u00a0Qatar<\/strong>\u00a0y\u00a0<strong>Om\u00e1n<\/strong>\u00a0el 12 y 16 de octubre respectivamente. La &#8216;Tricolor&#8217; dej\u00f3 un saldo positivo la pasada fecha FIFA al derrotar a Jamaica (2-0) y Guatemala (2-0).<\/p>\n<p>Para esta nueva convocatoria, a diferencia de la anterior, el seleccionador colombiano convoc\u00f3 \u00fanicamente a ocho futbolistas del campeonato nacional; los restantes se desempe\u00f1an en el f\u00fatbol internacional. \u00abEstamos tratando de no tocar a muchos de los jugadores que participan en el torneo nacional, tenemos muchos nombres que sabemos que van a estar\u00bb, se\u00f1al\u00f3 el seleccionador.<\/p>\n<p>A su vez, el DT confirm\u00f3 el partido amistoso con la selecci\u00f3n de Per\u00fa para el pr\u00f3ximo 15 de noviembre. \u00abPara noviembre est\u00e1 confirmado el partido amistoso ante Per\u00fa, se est\u00e1 trabajando en el segundo rival para ese mes\u00bb, dijo el colombiano en rueda de prensa.<\/p>\n<h3>A continuaci\u00f3n, la lista de convocados del &#8216;Bolillo&#8217; G\u00f3mez:<\/h3>\n<h3>Arqueros:<\/h3>\n<p>Alexander Dom\u00ednguez (V\u00e9lez Sarsfield, Argentina)<\/p>\n<div id=\"vidoomy\"><\/div>\n<p>Hamilton Piedra (Independiente del Valle)<\/p>\n<h3>Defensas:<\/h3>\n<p>Frickson Erazo (Barcelona SC)<\/p>\n<p>Luis Caicedo (Tiburones Rojos de Veracruz, M\u00e9xico)<\/p>\n<p>Robert Arboleda (Sao Paulo, Brasil)<\/p>\n<p>Cristian Ram\u00edrez (Krasnodar, Rusia)<\/p>\n<p>Diego Palacios (Willem II, Holanda)<\/p>\n<p>Carlos Cuero (Deportivo Cuenca)<\/p>\n<h3>Mediocampistas:<\/h3>\n<p>Jefferson Intriago (Liga de Quito)<\/p>\n<p>Carlos Gruezo (FC Dallas, Estados Unidos)<\/p>\n<p>Alan Franco (Independiente del Valle)<\/p>\n<p>Sebasti\u00e1n M\u00e9ndez (Independiente del Valle)<\/p>\n<p>\u00c1ngelo Preciado (Independiente del Valle)<\/p>\n<p>Jos\u00e9 Francisco Cevallos (Sporting Lokeren, B\u00e9lgica)<\/p>\n<p>Junior Sornoza (Fluminense, Brasil)<\/p>\n<p>Renato Ibarra (Am\u00e9rica, M\u00e9xico)<\/p>\n<p>Ayrton Preciado (Santos Laguna, M\u00e9xico)<\/p>\n<p>Romario Ibarra (Minnesota United, Estados Unidos)<\/p>\n<h3>Delanteros:<\/h3>\n<p>Miler Bola\u00f1os (Xolos, M\u00e9xico)<\/p>\n<p>Enner Valencia (Tigres, M\u00e9xico)<\/p>\n<p>Stiven Plaza (Independiente del Valle)<\/p>\n<p><strong>(D)<\/strong><\/p>\n<p>Fuente: eluniverso.com<\/p>\n<div class=\"gsp_post_data\" \r\n\t            data-post_type=\"post\" \r\n\t            data-cat=\"deportes-internacionales\" \r\n\t            data-modified=\"120\"\r\n\t            data-created=\"1538659088\"\r\n\t            data-title=\"Los convocados de Hern\u00e1n Dar\u00edo G\u00f3mez\" \r\n\t            data-home=\"https:\/\/www.evafm.net\/sitio\"><\/div>","protected":false},"excerpt":{"rendered":"<p>La selecci\u00f3n de\u00a0Ecuador\u00a0enfrentar\u00e1 dos compromisos amistosos ante las selecciones de\u00a0Qatar\u00a0y\u00a0Om\u00e1n\u00a0el 12 y 16 de octubre respectivamente. La &#8216;Tricolor&#8217; dej\u00f3 un saldo positivo la pasada fecha FIFA al derrotar a Jamaica (2-0) y Guatemala (2-0). Para esta nueva convocatoria, a diferencia de la anterior, el seleccionador colombiano convoc\u00f3 \u00fanicamente a ocho futbolistas del campeonato nacional; los&#8230;<\/p>\n","protected":false},"author":5,"featured_media":39901,"comment_status":"closed","ping_status":"open","sticky":false,"template":"","format":"standard","meta":{"_joinchat":[],"footnotes":""},"categories":[1342],"tags":[],"class_list":["post-39900","post","type-post","status-publish","format-standard","has-post-thumbnail","hentry","category-deportes-internacionales","have-post-thumb"],"_links":{"self":[{"href":"https:\/\/www.evafm.net\/sitio\/wp-json\/wp\/v2\/posts\/39900","targetHints":{"allow":["GET"]}}],"collection":[{"href":"https:\/\/www.evafm.net\/sitio\/wp-json\/wp\/v2\/posts"}],"about":[{"href":"https:\/\/www.evafm.net\/sitio\/wp-json\/wp\/v2\/types\/post"}],"author":[{"embeddable":true,"href":"https:\/\/www.evafm.net\/sitio\/wp-json\/wp\/v2\/users\/5"}],"replies":[{"embeddable":true,"href":"https:\/\/www.evafm.net\/sitio\/wp-json\/wp\/v2\/comments?post=39900"}],"version-history":[{"count":1,"href":"https:\/\/www.evafm.net\/sitio\/wp-json\/wp\/v2\/posts\/39900\/revisions"}],"predecessor-version":[{"id":39902,"href":"https:\/\/www.evafm.net\/sitio\/wp-json\/wp\/v2\/posts\/39900\/revisions\/39902"}],"wp:featuredmedia":[{"embeddable":true,"href":"https:\/\/www.evafm.net\/sitio\/wp-json\/wp\/v2\/media\/39901"}],"wp:attachment":[{"href":"https:\/\/www.evafm.net\/sitio\/wp-json\/wp\/v2\/media?parent=39900"}],"wp:term":[{"taxonomy":"category","embeddable":true,"href":"https:\/\/www.evafm.net\/sitio\/wp-json\/wp\/v2\/categories?post=39900"},{"taxonomy":"post_tag","embeddable":true,"href":"https:\/\/www.evafm.net\/sitio\/wp-json\/wp\/v2\/tags?post=39900"}],"curies":[{"name":"wp","href":"https:\/\/api.w.org\/{rel}","templated":true}]}}