{"id":39909,"date":"2018-10-05T11:30:10","date_gmt":"2018-10-05T16:30:10","guid":{"rendered":"http:\/\/www.evafm.net\/sitio\/?p=39909"},"modified":"2018-10-05T11:30:10","modified_gmt":"2018-10-05T16:30:10","slug":"nicolas-maduro-volvio-a-insultar-a-ivan-duque","status":"publish","type":"post","link":"https:\/\/www.evafm.net\/sitio\/nicolas-maduro-volvio-a-insultar-a-ivan-duque\/","title":{"rendered":"Nicol\u00e1s Maduro volvi\u00f3 a insultar a Iv\u00e1n Duque"},"content":{"rendered":"<div class=\"row pb-content-type-text\">\n<div class=\"col-xs-12 col-print-12\">\n<p class=\"element element-paragraph\">El presidente de Venezuela,\u00a0<strong>Nicol\u00e1s Maduro<\/strong>, dijo que su hom\u00f3logo colombiano,\u00a0<strong>Iv\u00e1n Duque<\/strong>, es un \u00abdiablo\u00bb que encabeza un \u00abgobierno peligroso\u00bb al servicio de Estados Unidos y contra la llamada revoluci\u00f3n bolivariana.<\/p>\n<\/div>\n<\/div>\n<div class=\"row pb-content-type-text\">\n<div class=\"col-xs-12 col-print-12\">\n<p class=\"element element-paragraph\">\u00ab<strong>\u00c9l (Duque) tiene cara de angelito, ustedes lo ven y parece un angelito (\u2026) pero es un diablo que odia a Venezuela<\/strong>\u00a0y est\u00e1 conspirando diariamente contra nuestro pa\u00eds, contra nuestra Fuerza Armada Nacional Bolivariana (FANB)\u00bb, dijo Maduro en un acto de entrega de viviendas en Caracas.<\/p>\n<\/div>\n<\/div>\n<div class=\"row pb-content-type-text\">\n<div class=\"col-xs-12 col-print-12\">\n<p class=\"element element-paragraph\">El mandatario venezolano dijo que el de Colombia es \u00ab<strong>un gobierno peligroso, porque es un gobierno que combina mucho odio con inexperiencia<\/strong>\u00bb y que funciona como \u00ab<strong>sat\u00e9lite del imperialismo<\/strong>\u00ab, en alusi\u00f3n a la administraci\u00f3n de Donald Trump en Washington.<\/p>\n<\/div>\n<\/div>\n<div class=\"row pb-content-type-text\">\n<div class=\"col-xs-12 col-print-12\">\n<p class=\"element element-paragraph\">\u00abDesde Colombia se financia la conspiraci\u00f3n para da\u00f1ar a nuestra FANB (\u2026) alerto a nuestros militares, m\u00e1xima moral, m\u00e1xima lealtad, m\u00e1ximo compromiso frente a la conspiraci\u00f3n olig\u00e1rquica colombiana del gobierno de Iv\u00e1n Duque, m\u00e1xima cohesi\u00f3n, m\u00e1xima preparaci\u00f3n\u00bb, prosigui\u00f3.<\/p>\n<\/div>\n<\/div>\n<div class=\"row pb-content-type-text\">\n<div id=\"\" class=\"wrapper clearfix pb-feature pb-layout-item pb-f-ads-dfp left-align\">\n<div id=\"inline\" class=\"ad-slot\"><\/div>\n<\/div>\n<div class=\"col-xs-12 col-print-12\">\n<p class=\"element element-paragraph\">Maduro es pol\u00edticamente contrario a Duque y Trump, y ha acusado a ambos de promover golpes de Estado en su contra, as\u00ed como que desde Colombia y Estados Unidos se plane\u00f3 el ataque con explosivos que sufri\u00f3 el l\u00edder chavista en medio de un acto con militares el pasado 4 de agosto en Caracas.<\/p>\n<\/div>\n<\/div>\n<div class=\"row pb-content-type-text\">\n<div class=\"col-xs-12 col-print-12\">\n<p class=\"element element-paragraph\">Tanto Duque como Trump consideran a Maduro un dictador y han hecho votos para que el pa\u00eds \u00abretome\u00bb la democracia y salga de la profunda crisis econ\u00f3mica en que se encuentra desde hace a\u00f1os y que se caracteriza por migraci\u00f3n masiva, escasez generalizada e hiperinflaci\u00f3n.<\/p>\n<\/div>\n<\/div>\n<div class=\"row pb-content-type-text\">\n<div class=\"col-xs-12 col-print-12\">\n<p class=\"element element-paragraph\"><em>(Con informaci\u00f3n de EFE)<\/em><\/p>\n<p>Fuente: infobae.com<\/p>\n<\/div>\n<\/div>\n<div class=\"gsp_post_data\" \r\n\t            data-post_type=\"post\" \r\n\t            data-cat=\"general,noticias-internacionales\" \r\n\t            data-modified=\"120\"\r\n\t            data-created=\"1538739010\"\r\n\t            data-title=\"Nicol\u00e1s Maduro volvi\u00f3 a insultar a Iv\u00e1n Duque\" \r\n\t            data-home=\"https:\/\/www.evafm.net\/sitio\"><\/div>","protected":false},"excerpt":{"rendered":"<p>El presidente de Venezuela,\u00a0Nicol\u00e1s Maduro, dijo que su hom\u00f3logo colombiano,\u00a0Iv\u00e1n Duque, es un \u00abdiablo\u00bb que encabeza un \u00abgobierno peligroso\u00bb al servicio de Estados Unidos y contra la llamada revoluci\u00f3n bolivariana. \u00ab\u00c9l (Duque) tiene cara de angelito, ustedes lo ven y parece un angelito (\u2026) pero es un diablo que odia a Venezuela\u00a0y est\u00e1 conspirando diariamente&#8230;<\/p>\n","protected":false},"author":5,"featured_media":39910,"comment_status":"closed","ping_status":"open","sticky":false,"template":"","format":"standard","meta":{"_joinchat":[],"footnotes":""},"categories":[1720,1345],"tags":[],"class_list":["post-39909","post","type-post","status-publish","format-standard","has-post-thumbnail","hentry","category-general","category-noticias-internacionales","have-post-thumb"],"_links":{"self":[{"href":"https:\/\/www.evafm.net\/sitio\/wp-json\/wp\/v2\/posts\/39909","targetHints":{"allow":["GET"]}}],"collection":[{"href":"https:\/\/www.evafm.net\/sitio\/wp-json\/wp\/v2\/posts"}],"about":[{"href":"https:\/\/www.evafm.net\/sitio\/wp-json\/wp\/v2\/types\/post"}],"author":[{"embeddable":true,"href":"https:\/\/www.evafm.net\/sitio\/wp-json\/wp\/v2\/users\/5"}],"replies":[{"embeddable":true,"href":"https:\/\/www.evafm.net\/sitio\/wp-json\/wp\/v2\/comments?post=39909"}],"version-history":[{"count":2,"href":"https:\/\/www.evafm.net\/sitio\/wp-json\/wp\/v2\/posts\/39909\/revisions"}],"predecessor-version":[{"id":39912,"href":"https:\/\/www.evafm.net\/sitio\/wp-json\/wp\/v2\/posts\/39909\/revisions\/39912"}],"wp:featuredmedia":[{"embeddable":true,"href":"https:\/\/www.evafm.net\/sitio\/wp-json\/wp\/v2\/media\/39910"}],"wp:attachment":[{"href":"https:\/\/www.evafm.net\/sitio\/wp-json\/wp\/v2\/media?parent=39909"}],"wp:term":[{"taxonomy":"category","embeddable":true,"href":"https:\/\/www.evafm.net\/sitio\/wp-json\/wp\/v2\/categories?post=39909"},{"taxonomy":"post_tag","embeddable":true,"href":"https:\/\/www.evafm.net\/sitio\/wp-json\/wp\/v2\/tags?post=39909"}],"curies":[{"name":"wp","href":"https:\/\/api.w.org\/{rel}","templated":true}]}}