{"id":39954,"date":"2018-10-06T11:18:47","date_gmt":"2018-10-06T16:18:47","guid":{"rendered":"http:\/\/www.evafm.net\/sitio\/?p=39954"},"modified":"2018-10-06T11:18:48","modified_gmt":"2018-10-06T16:18:48","slug":"las-acciones-de-la-juventus-caen-tras-acusacion-contra-cristiano-ronaldo","status":"publish","type":"post","link":"https:\/\/www.evafm.net\/sitio\/las-acciones-de-la-juventus-caen-tras-acusacion-contra-cristiano-ronaldo\/","title":{"rendered":"Las acciones de la Juventus caen tras acusaci\u00f3n contra Cristiano Ronaldo"},"content":{"rendered":"<p>Las acciones del club de f\u00fatbol de la\u00a0<strong>Juventus<\/strong>\u00a0de Tur\u00edn se hundieron casi un 10% el viernes en la bolsa de Mil\u00e1n, mientras crece el malestar en torno a su estrella\u00a0<strong>Cristiano Ronaldo<\/strong>, acusado de violaci\u00f3n en\u00a0<strong>Estados Unidos<\/strong>.<\/p>\n<p>Las acciones de la Juventus, que se hab\u00edan disparado desde la llegada del delantero portugu\u00e9s a Tur\u00edn en julio, perd\u00edan al cierre un 9,9% a 1,19 euros (1,37 d\u00f3lares), en un mercado en retroceso de 1,29%.<\/p>\n<p>La polic\u00eda de Las Vegas anunci\u00f3 el lunes que abri\u00f3 una investigaci\u00f3n a ra\u00edz de la demanda presentada por Kathryn Mayorga, una mujer que hoy tiene 34 a\u00f1os, que afirma que Cristiano Ronaldo la sodomiz\u00f3 por la fuerza en junio de 2009.<\/p>\n<p>El interesado neg\u00f3 \u00abfirmemente\u00bb las acusaciones, explicando que la violaci\u00f3n era \u00abun crimen abominable\u00bb\u00a0pero sus principales patrocinadores empezaron a expresar su preocupaci\u00f3n, a imagen de Nike y de EA Sports (editor del videojuego FIFA).<\/p>\n<p>Cristiano Ronaldo no disputar\u00e1 ning\u00fan partido con la selecci\u00f3n portuguesa en los dos pr\u00f3ximos meses, pero seg\u00fan el entrenador de la Juve, Massimiliano Allegri, el delantero sigue \u00abtranquilo\u00bb y estar\u00e1 \u00ablisto para jugar\u00bb el s\u00e1bado.<\/p>\n<div id=\"vidoomy\"><\/div>\n<p>El jueves, el club siete veces campe\u00f3n de Italia apoy\u00f3 a su estelar delantero, al que fich\u00f3 el pasado verano por 100 millones de euros (115 millones de d\u00f3lares).<\/p>\n<p>\u00abCristiano Ronaldo ha demostrado en los \u00faltimos meses su gran profesionalidad y dedicaci\u00f3n, algo que es apreciado por todos en la Juventus\u00bb, escribi\u00f3 el campe\u00f3n de Italia en Twitter.<\/p>\n<p>\u00abLos hechos denunciados que se remontan a al menos 10 a\u00f1os no cambian esta opini\u00f3n\u00bb, agreg\u00f3.<\/p>\n<p>La llegada de Cristiano Ronaldo dispar\u00f3 las acciones de la Juventus en la Bolsa de Mil\u00e1n, de 0,64 euros (0.74 d\u00f3lares) el 28 de junio al 1,80 euros (2,07 d\u00f3lares) -incremento del 180%- el 20 de septiembre, su m\u00e1ximo hist\u00f3rico desde la salida a bolsa de la Vechia Signora en 2001. (D)<\/p>\n<p>Fuente:eluniverso.com<\/p>\n<div class=\"gsp_post_data\" \r\n\t            data-post_type=\"post\" \r\n\t            data-cat=\"deportes-internacionales,general\" \r\n\t            data-modified=\"120\"\r\n\t            data-created=\"1538824727\"\r\n\t            data-title=\"Las acciones de la Juventus caen tras acusaci\u00f3n contra Cristiano Ronaldo\" \r\n\t            data-home=\"https:\/\/www.evafm.net\/sitio\"><\/div>","protected":false},"excerpt":{"rendered":"<p>Las acciones del club de f\u00fatbol de la\u00a0Juventus\u00a0de Tur\u00edn se hundieron casi un 10% el viernes en la bolsa de Mil\u00e1n, mientras crece el malestar en torno a su estrella\u00a0Cristiano Ronaldo, acusado de violaci\u00f3n en\u00a0Estados Unidos. Las acciones de la Juventus, que se hab\u00edan disparado desde la llegada del delantero portugu\u00e9s a Tur\u00edn en julio,&#8230;<\/p>\n","protected":false},"author":5,"featured_media":39955,"comment_status":"closed","ping_status":"open","sticky":false,"template":"","format":"standard","meta":{"_joinchat":[],"footnotes":""},"categories":[1342,1720],"tags":[],"class_list":["post-39954","post","type-post","status-publish","format-standard","has-post-thumbnail","hentry","category-deportes-internacionales","category-general","have-post-thumb"],"_links":{"self":[{"href":"https:\/\/www.evafm.net\/sitio\/wp-json\/wp\/v2\/posts\/39954","targetHints":{"allow":["GET"]}}],"collection":[{"href":"https:\/\/www.evafm.net\/sitio\/wp-json\/wp\/v2\/posts"}],"about":[{"href":"https:\/\/www.evafm.net\/sitio\/wp-json\/wp\/v2\/types\/post"}],"author":[{"embeddable":true,"href":"https:\/\/www.evafm.net\/sitio\/wp-json\/wp\/v2\/users\/5"}],"replies":[{"embeddable":true,"href":"https:\/\/www.evafm.net\/sitio\/wp-json\/wp\/v2\/comments?post=39954"}],"version-history":[{"count":1,"href":"https:\/\/www.evafm.net\/sitio\/wp-json\/wp\/v2\/posts\/39954\/revisions"}],"predecessor-version":[{"id":39956,"href":"https:\/\/www.evafm.net\/sitio\/wp-json\/wp\/v2\/posts\/39954\/revisions\/39956"}],"wp:featuredmedia":[{"embeddable":true,"href":"https:\/\/www.evafm.net\/sitio\/wp-json\/wp\/v2\/media\/39955"}],"wp:attachment":[{"href":"https:\/\/www.evafm.net\/sitio\/wp-json\/wp\/v2\/media?parent=39954"}],"wp:term":[{"taxonomy":"category","embeddable":true,"href":"https:\/\/www.evafm.net\/sitio\/wp-json\/wp\/v2\/categories?post=39954"},{"taxonomy":"post_tag","embeddable":true,"href":"https:\/\/www.evafm.net\/sitio\/wp-json\/wp\/v2\/tags?post=39954"}],"curies":[{"name":"wp","href":"https:\/\/api.w.org\/{rel}","templated":true}]}}