{"id":39995,"date":"2018-10-06T21:00:49","date_gmt":"2018-10-07T02:00:49","guid":{"rendered":"http:\/\/www.evafm.net\/sitio\/?p=39995"},"modified":"2018-10-06T21:00:49","modified_gmt":"2018-10-07T02:00:49","slug":"empate-a-uno-para-emelec-y-el-nacional","status":"publish","type":"post","link":"https:\/\/www.evafm.net\/sitio\/empate-a-uno-para-emelec-y-el-nacional\/","title":{"rendered":"Empate a uno para Emelec y El Nacional"},"content":{"rendered":"<p>Los dirigidos por\u00a0<b>Mariano<\/b>\u00a0<b>Soso<\/b>\u00a0enfrentaron a\u00a0<b>El Nacional\u00a0<\/b>en el estadio<b>\u00a0Ol\u00edmpico Atahualpa\u00a0<\/b>por la fecha 13 del campeonato nacional. Los el\u00e9ctricos llegaron con una derrota y un empate a cuestas; mientras que los militares llevan cuatro jornadas sin perder.<\/p>\n<p>Los primeros minutos del encuentro\u00a0<b>Emelec<\/b>\u00a0demostraba que iba por la victoria, llev\u00e1ndose la pelota e intentado sorprender al rival. El primer disparo de los azules lleg\u00f3 en el minuto 5, pero fue parado por Padilla.<\/p>\n<p><b>H\u00f3lger<\/b>\u00a0<b>Matamoros<\/b>\u00a0y\u00a0<b>Carlos Orejuela\u00a0<\/b>segu\u00edan presionando a la defensa de los<b><\/b>militares hasta que en el minuto 31, un ataque de Matamoros dio en el palo de la porter\u00eda rival amenazando con abrir el marcador. Sin embargo, no fue hasta el minuto 46 que Orejuela consigui\u00f3 el primer tanto de la tarde a favor del cuadro millonario.<\/p>\n<p>El segundo tiempo Emelec no quiso aflojar y sigui\u00f3 reclamando la pelota; sin embargo, el nacho pareci\u00f3 reaccionar y en el minuto 62\u00a0<b>Manu<\/b>\u00a0<b>Balda<\/b>\u00a0lanz\u00f3 un remate a la porter\u00eda de los azules que casi pone el empate.<\/p>\n<p>A partir de aqu\u00ed, los militares decidieron que no terminar\u00edan perdiendo el encuentro. El esperado empate de los quite\u00f1os lleg\u00f3 en el minuto 90 gracias a la anotaci\u00f3n de Ronny Medina.<\/p>\n<p><b>Alineaciones<\/b>:<\/p>\n<p><b>Emelec<\/b>: Esteban Dreer; Romario Caicedo, Marlon Mej\u00eda, Leandro Vega, Ronaldo Johnson; Nicol\u00e1s Queiroz, Dixon Arroyo, Joao Rojas, Holger Matamoros, Carlos Orejuela; Brayan Angulo.<\/p>\n<p>DT: Mariano Soso.<\/p>\n<p><b>El<\/b>\u00a0<b>Nacional<\/b>: Johan Padilla; Kevin Peralta, Luis Segovia, Javier Qui\u00f1\u00f3nez, C\u00e9sar Batalla, \u00c1ngel Gracia; Bryan Tana, Daniel Samaniego, Manu Balda, Jonny Uchuari; Daniel Angulo.<\/p>\n<p>DT: Eduardo Favaro.<\/p>\n<p>https:\/\/youtu.be\/kUkigj8op1k<\/p>\n<p>Fuente:eluniverso.com -youtube.com<\/p>\n<div class=\"gsp_post_data\" \r\n\t            data-post_type=\"post\" \r\n\t            data-cat=\"deportes-ecuador\" \r\n\t            data-modified=\"120\"\r\n\t            data-created=\"1538859649\"\r\n\t            data-title=\"Empate a uno para Emelec y El Nacional\" \r\n\t            data-home=\"https:\/\/www.evafm.net\/sitio\"><\/div>","protected":false},"excerpt":{"rendered":"<p>Los dirigidos por\u00a0Mariano\u00a0Soso\u00a0enfrentaron a\u00a0El Nacional\u00a0en el estadio\u00a0Ol\u00edmpico Atahualpa\u00a0por la fecha 13 del campeonato nacional. Los el\u00e9ctricos llegaron con una derrota y un empate a cuestas; mientras que los militares llevan cuatro jornadas sin perder. Los primeros minutos del encuentro\u00a0Emelec\u00a0demostraba que iba por la victoria, llev\u00e1ndose la pelota e intentado sorprender al rival. El primer disparo&#8230;<\/p>\n","protected":false},"author":5,"featured_media":40001,"comment_status":"closed","ping_status":"open","sticky":false,"template":"","format":"standard","meta":{"_joinchat":[],"footnotes":""},"categories":[1557],"tags":[],"class_list":["post-39995","post","type-post","status-publish","format-standard","has-post-thumbnail","hentry","category-deportes-ecuador","have-post-thumb"],"_links":{"self":[{"href":"https:\/\/www.evafm.net\/sitio\/wp-json\/wp\/v2\/posts\/39995","targetHints":{"allow":["GET"]}}],"collection":[{"href":"https:\/\/www.evafm.net\/sitio\/wp-json\/wp\/v2\/posts"}],"about":[{"href":"https:\/\/www.evafm.net\/sitio\/wp-json\/wp\/v2\/types\/post"}],"author":[{"embeddable":true,"href":"https:\/\/www.evafm.net\/sitio\/wp-json\/wp\/v2\/users\/5"}],"replies":[{"embeddable":true,"href":"https:\/\/www.evafm.net\/sitio\/wp-json\/wp\/v2\/comments?post=39995"}],"version-history":[{"count":1,"href":"https:\/\/www.evafm.net\/sitio\/wp-json\/wp\/v2\/posts\/39995\/revisions"}],"predecessor-version":[{"id":40002,"href":"https:\/\/www.evafm.net\/sitio\/wp-json\/wp\/v2\/posts\/39995\/revisions\/40002"}],"wp:featuredmedia":[{"embeddable":true,"href":"https:\/\/www.evafm.net\/sitio\/wp-json\/wp\/v2\/media\/40001"}],"wp:attachment":[{"href":"https:\/\/www.evafm.net\/sitio\/wp-json\/wp\/v2\/media?parent=39995"}],"wp:term":[{"taxonomy":"category","embeddable":true,"href":"https:\/\/www.evafm.net\/sitio\/wp-json\/wp\/v2\/categories?post=39995"},{"taxonomy":"post_tag","embeddable":true,"href":"https:\/\/www.evafm.net\/sitio\/wp-json\/wp\/v2\/tags?post=39995"}],"curies":[{"name":"wp","href":"https:\/\/api.w.org\/{rel}","templated":true}]}}