{"id":40052,"date":"2018-10-08T15:31:24","date_gmt":"2018-10-08T20:31:24","guid":{"rendered":"http:\/\/www.evafm.net\/sitio\/?p=40052"},"modified":"2018-10-08T15:31:24","modified_gmt":"2018-10-08T20:31:24","slug":"giovanna-andrade-aca-me-llegaba-mucho-papel-de-la-nina-sufrida","status":"publish","type":"post","link":"https:\/\/www.evafm.net\/sitio\/giovanna-andrade-aca-me-llegaba-mucho-papel-de-la-nina-sufrida\/","title":{"rendered":"Giovanna Andrade: \u2018Ac\u00e1 me llegaba mucho papel de la ni\u00f1a sufrida\u2019"},"content":{"rendered":"<p>Hace cinco a\u00f1os, la actriz\u00a0<strong>Giovanna Andrade\u00a0<\/strong>empez\u00f3 la b\u00fasqueda de nuevos personajes, historias y vivencias. Cuando habla de su trabajo, proyectos y vida lo hace en plural. Sus decisiones laborales siempre incluyen a su familia, afirma.<\/p>\n<p>La ecuatoriana, que se dio a conocer en el medio televisivo como protagonista de la telenovela Yo vendo unos ojos negros, en Ecuavisa, se mud\u00f3 a Colombia, donde actualmente reside con su esposo e hijos y all\u00e1 tambi\u00e9n se desarrolla la producci\u00f3n \u00abLa ley del coraz\u00f3n 2\u00bb, de la que forma parte del reparto.<\/p>\n<p>\u201cYo me di cuenta de que necesitaba otras cosas, cuando ya no me estaba llenando profesionalmente en el medio en que estamos, en el Ecuador, y ya hab\u00eda alcanzado un tope y ten\u00eda que seguir para arriba\u201d, dice.<\/p>\n<p>En el canal RCN, Andrade interpreta a la abogada Macarena Soler, una mujer con un pasado pesado y que adem\u00e1s tiene como pareja sentimental a Adela Zambrano (papel interpretado por la colombiana Alejandra Borrero), una de sus compa\u00f1eras del bufete jur\u00eddico y la nueva due\u00f1a.<\/p>\n<p>Colombia es el segundo pa\u00eds donde Andrade se muda con su familia por seguir su crecimiento profesional. \u201cEmpec\u00e9 a irme cada vez que pasaba un casting, que para m\u00ed representaba una oportunidad, invert\u00edamos con mi familia y me iba (&#8230;) Esta vez me fui al callback en bus y en avi\u00f3n, fue un sacrificio, pero era para lo que estaba trabajando\u201d, cuenta Andrade, quien comenz\u00f3 a grabar en marzo en Bogot\u00e1.<\/p>\n<p>Este personaje, afirma la actriz de 33 a\u00f1os, es un reto que esperaba con ansias. \u201cDesde que yo hice Yo vendo unos ojos negros yo pido personajes que me hagan construirlos, vivirlos diferentes y yo rogaba, oraba que pudiera interpretar personajes ch\u00e9veres (&#8230;), ac\u00e1 en Ecuador me llegaba mucho el papel de la ni\u00f1a sufrida, la abnegada, la guapa, la ani\u00f1ada, pero ya estaba superestereotipada\u201d, revela Andrade, quien tambi\u00e9n hac\u00eda teatro en el pa\u00eds.<\/p>\n<p>Andrade asimismo radic\u00f3 en Per\u00fa, por dos a\u00f1os. All\u00ed se sum\u00f3 a las producciones Los Barriga (Frecuencia Latina), Broders (con Carlos Alc\u00e1ntara en Am\u00e9rica Televisi\u00f3n) y Puro coraz\u00f3n, la historia del grupo 5.<\/p>\n<p><strong>Sue\u00f1o hecho realidad<\/strong><\/p>\n<p>Andrade revela tambi\u00e9n que uno de sus sue\u00f1os era ser Miss Ecuador y cuando recibi\u00f3 la llamada del Ministerio de Turismo para ser parte del video Si t\u00fa la ves, de Nicky Jam &amp; Wisin, lo cumpli\u00f3. \u201cCuando me llamaron dije \u2018wooow, ahora voy a ser la embajadora del pa\u00eds\u2019; me ense\u00f1aron el guion y tuve una semana y media de recorrer el Ecuador. No lo pod\u00eda creer\u201d.<\/p>\n<p>Cuenta adem\u00e1s que su m\u00e1nager, la colombiana \u00c1ngela Arcila, directora de AB Manager, ha sido parte importante de los logros obtenidos en esta nueva etapa de su carrera. (E)<\/p>\n<p>https:\/\/www.instagram.com\/p\/BoXzYCHHGsT\/?utm_source=ig_web_copy_link<\/p>\n<p>https:\/\/www.instagram.com\/p\/BoptFWmnmtt\/?utm_source=ig_web_copy_link<\/p>\n<p>Fuente: eluniverso.com -instagram.com<\/p>\n<p>&nbsp;<\/p>\n<div class=\"gsp_post_data\" \r\n\t            data-post_type=\"post\" \r\n\t            data-cat=\"farandula-ecuatoriana,general\" \r\n\t            data-modified=\"120\"\r\n\t            data-created=\"1539012684\"\r\n\t            data-title=\"Giovanna Andrade: \u2018Ac\u00e1 me llegaba mucho papel de la ni\u00f1a sufrida\u2019\" \r\n\t            data-home=\"https:\/\/www.evafm.net\/sitio\"><\/div>","protected":false},"excerpt":{"rendered":"<p>Hace cinco a\u00f1os, la actriz\u00a0Giovanna Andrade\u00a0empez\u00f3 la b\u00fasqueda de nuevos personajes, historias y vivencias. Cuando habla de su trabajo, proyectos y vida lo hace en plural. Sus decisiones laborales siempre incluyen a su familia, afirma. La ecuatoriana, que se dio a conocer en el medio televisivo como protagonista de la telenovela Yo vendo unos ojos&#8230;<\/p>\n","protected":false},"author":5,"featured_media":40055,"comment_status":"closed","ping_status":"open","sticky":false,"template":"","format":"standard","meta":{"_joinchat":[],"footnotes":""},"categories":[1562,1720],"tags":[],"class_list":["post-40052","post","type-post","status-publish","format-standard","has-post-thumbnail","hentry","category-farandula-ecuatoriana","category-general","have-post-thumb"],"_links":{"self":[{"href":"https:\/\/www.evafm.net\/sitio\/wp-json\/wp\/v2\/posts\/40052","targetHints":{"allow":["GET"]}}],"collection":[{"href":"https:\/\/www.evafm.net\/sitio\/wp-json\/wp\/v2\/posts"}],"about":[{"href":"https:\/\/www.evafm.net\/sitio\/wp-json\/wp\/v2\/types\/post"}],"author":[{"embeddable":true,"href":"https:\/\/www.evafm.net\/sitio\/wp-json\/wp\/v2\/users\/5"}],"replies":[{"embeddable":true,"href":"https:\/\/www.evafm.net\/sitio\/wp-json\/wp\/v2\/comments?post=40052"}],"version-history":[{"count":1,"href":"https:\/\/www.evafm.net\/sitio\/wp-json\/wp\/v2\/posts\/40052\/revisions"}],"predecessor-version":[{"id":40056,"href":"https:\/\/www.evafm.net\/sitio\/wp-json\/wp\/v2\/posts\/40052\/revisions\/40056"}],"wp:featuredmedia":[{"embeddable":true,"href":"https:\/\/www.evafm.net\/sitio\/wp-json\/wp\/v2\/media\/40055"}],"wp:attachment":[{"href":"https:\/\/www.evafm.net\/sitio\/wp-json\/wp\/v2\/media?parent=40052"}],"wp:term":[{"taxonomy":"category","embeddable":true,"href":"https:\/\/www.evafm.net\/sitio\/wp-json\/wp\/v2\/categories?post=40052"},{"taxonomy":"post_tag","embeddable":true,"href":"https:\/\/www.evafm.net\/sitio\/wp-json\/wp\/v2\/tags?post=40052"}],"curies":[{"name":"wp","href":"https:\/\/api.w.org\/{rel}","templated":true}]}}