{"id":40057,"date":"2018-10-08T15:36:20","date_gmt":"2018-10-08T20:36:20","guid":{"rendered":"http:\/\/www.evafm.net\/sitio\/?p=40057"},"modified":"2018-10-08T15:36:20","modified_gmt":"2018-10-08T20:36:20","slug":"juan-andres-alvarez-fusiona-el-kizomba-y-pop-en-su-sencillo-debut","status":"publish","type":"post","link":"https:\/\/www.evafm.net\/sitio\/juan-andres-alvarez-fusiona-el-kizomba-y-pop-en-su-sencillo-debut\/","title":{"rendered":"Juan Andr\u00e9s \u00c1lvarez fusiona el kizomba y pop en su sencillo debut"},"content":{"rendered":"<div class=\"panel-pane pane-views pane-datos-nota-ampliada pane-node-body\">\n<div class=\"pane-content\">\n<div class=\"view view-datos-nota-ampliada view-id-datos_nota_ampliada view-display-id-block_11 view-dom-id-8cbc1ba5d73a58cfc2a6696d99ef64c1\">\n<div class=\"view-content\">\n<div class=\"views-row views-row-1 views-row-odd views-row-first views-row-last\">\n<div class=\"views-field views-field-body\">\n<div class=\"field-content\">\n<div class=\"field-name-body\">\n<p>La m\u00fasica ha estado presente en su vida desde los 13 a\u00f1os, cuando comenz\u00f3 de manera profesional en esta carrera. A los 14, afirma ya dirig\u00eda una empresa de DJ. Es ecuatoriano, naci\u00f3 en Quito, pero se considera, recalca, un artista latinoamericano (ha vivido en varios pa\u00edses).<\/p>\n<p>Juan Andr\u00e9s \u00c1lvarez emplea su apellido como su nombre art\u00edstico y aunque debuta como solista es un compositor con trayectoria. \u201cMi propuesta parte much\u00edsimo del pop, me gusta fusionar g\u00e9neros y estamos fusionando la kizomba con el pop y ya se vuelve una combinaci\u00f3n bastante interesante\u201d, explica.<\/p>\n<p>Hoy te voy a conquistar es su canci\u00f3n debut y habla sobre la perseverancia. \u201cEn los j\u00f3venes se ha perdido el juego de la conquista y el enamoramiento y habla sobre la libertad que debe sentir la persona enamorada\u201d, cuenta \u00c1lvarez, quien escribi\u00f3 la letra de este tema con Gutto e Ivis Flies<\/p>\n<p>Antes compon\u00eda para artistas como Gabrielli, con quien gan\u00f3 un disco de oro; para Karla Kanora escribi\u00f3 en cambio Ser\u00e9 una mujer.<\/p>\n<p>\u00c1lvarez tambi\u00e9n ha sido director de marketing de Warner Music y actualmente es agente representante de Sony Music en Ecuador. (E)<\/p>\n<\/div>\n<\/div>\n<\/div>\n<div class=\"views-field views-field-php\">Fuente: eluniverso.com<\/div>\n<\/div>\n<\/div>\n<\/div>\n<\/div>\n<\/div>\n<div class=\"panel-pane pane-block pane-block-376 pane-block cssprueba2016cba subscribe_block\">\n<div class=\"pane-content\">\n<div id=\"registro-boletin\" class=\"subscribe_form noticias\">\n<h4><\/h4>\n<\/div>\n<\/div>\n<\/div>\n<div class=\"gsp_post_data\" \r\n\t            data-post_type=\"post\" \r\n\t            data-cat=\"farandula-ecuatoriana\" \r\n\t            data-modified=\"120\"\r\n\t            data-created=\"1539012980\"\r\n\t            data-title=\"Juan Andr\u00e9s \u00c1lvarez fusiona el kizomba y pop en su sencillo debut\" \r\n\t            data-home=\"https:\/\/www.evafm.net\/sitio\"><\/div>","protected":false},"excerpt":{"rendered":"<p>La m\u00fasica ha estado presente en su vida desde los 13 a\u00f1os, cuando comenz\u00f3 de manera profesional en esta carrera. A los 14, afirma ya dirig\u00eda una empresa de DJ. Es ecuatoriano, naci\u00f3 en Quito, pero se considera, recalca, un artista latinoamericano (ha vivido en varios pa\u00edses). Juan Andr\u00e9s \u00c1lvarez emplea su apellido como su&#8230;<\/p>\n","protected":false},"author":5,"featured_media":40058,"comment_status":"closed","ping_status":"open","sticky":false,"template":"","format":"standard","meta":{"_joinchat":[],"footnotes":""},"categories":[1562],"tags":[],"class_list":["post-40057","post","type-post","status-publish","format-standard","has-post-thumbnail","hentry","category-farandula-ecuatoriana","have-post-thumb"],"_links":{"self":[{"href":"https:\/\/www.evafm.net\/sitio\/wp-json\/wp\/v2\/posts\/40057","targetHints":{"allow":["GET"]}}],"collection":[{"href":"https:\/\/www.evafm.net\/sitio\/wp-json\/wp\/v2\/posts"}],"about":[{"href":"https:\/\/www.evafm.net\/sitio\/wp-json\/wp\/v2\/types\/post"}],"author":[{"embeddable":true,"href":"https:\/\/www.evafm.net\/sitio\/wp-json\/wp\/v2\/users\/5"}],"replies":[{"embeddable":true,"href":"https:\/\/www.evafm.net\/sitio\/wp-json\/wp\/v2\/comments?post=40057"}],"version-history":[{"count":1,"href":"https:\/\/www.evafm.net\/sitio\/wp-json\/wp\/v2\/posts\/40057\/revisions"}],"predecessor-version":[{"id":40059,"href":"https:\/\/www.evafm.net\/sitio\/wp-json\/wp\/v2\/posts\/40057\/revisions\/40059"}],"wp:featuredmedia":[{"embeddable":true,"href":"https:\/\/www.evafm.net\/sitio\/wp-json\/wp\/v2\/media\/40058"}],"wp:attachment":[{"href":"https:\/\/www.evafm.net\/sitio\/wp-json\/wp\/v2\/media?parent=40057"}],"wp:term":[{"taxonomy":"category","embeddable":true,"href":"https:\/\/www.evafm.net\/sitio\/wp-json\/wp\/v2\/categories?post=40057"},{"taxonomy":"post_tag","embeddable":true,"href":"https:\/\/www.evafm.net\/sitio\/wp-json\/wp\/v2\/tags?post=40057"}],"curies":[{"name":"wp","href":"https:\/\/api.w.org\/{rel}","templated":true}]}}