{"id":40119,"date":"2018-10-10T12:12:10","date_gmt":"2018-10-10T17:12:10","guid":{"rendered":"http:\/\/www.evafm.net\/sitio\/?p=40119"},"modified":"2018-10-10T12:12:10","modified_gmt":"2018-10-10T17:12:10","slug":"keiko-fujimori-fue-detenida-por-lavado-de-activos","status":"publish","type":"post","link":"https:\/\/www.evafm.net\/sitio\/keiko-fujimori-fue-detenida-por-lavado-de-activos\/","title":{"rendered":"Keiko Fujimori fue detenida por lavado de activos"},"content":{"rendered":"<div class=\"row pb-content-type-text\">\n<div class=\"col-xs-12 col-print-12\">\n<p class=\"element element-paragraph\">La l\u00edder del partido opositor Fuerza Popular, Keiko Fujimori, fue detenida hoy a pedido de la Fiscal\u00eda de Lavado de Activos de Per\u00fa, informaron medios locales.<\/p>\n<\/div>\n<\/div>\n<div class=\"row pb-content-type-text\">\n<div class=\"col-xs-12 col-print-12\">\n<p class=\"element element-paragraph\">Seg\u00fan im\u00e1genes difundidas por el C<em>anal N<\/em>\u00a0de televisi\u00f3n,\u00a0<strong>Keiko fue arrestada tras acudir a un tribunal para ser interrogada por la investigaci\u00f3n por presunto lavado de activos junto a su esposo, el norteamericano Mark Vito<\/strong>.<\/p>\n<\/div>\n<\/div>\n<div class=\"row pb-content-type-text\">\n<div class=\"col-xs-12 col-print-12\">\n<p class=\"element element-paragraph\">En el lugar, la fiscal\u00eda orden\u00f3 una<strong>\u00a0\u00abdetenci\u00f3n preliminar\u00bb durante diez d\u00edas junto a otras 19 personas<\/strong>, entre ellas los ex ministros Jaime Yoshiyama y Augusto Bedoya.<\/p>\n<\/div>\n<\/div>\n<div class=\"row pb-content-type-text\">\n<div class=\"col-xs-12 col-print-12\">\n<p class=\"element element-paragraph\">Keiko y Vito son investigados por<strong>\u00a0lavado de activos por los aportes econ\u00f3micos recibidos a sus campa\u00f1as electorales de 2011 y 2016<\/strong>, que incluyen\u00a0<strong>ingresos por supuestos c\u00f3cteles y financiaci\u00f3n irregular por parte de la constructora brasile\u00f1a Odebrecht.<\/strong><\/p>\n<\/div>\n<\/div>\n<div class=\"row pb-content-type-text\">\n<div id=\"\" class=\"wrapper clearfix pb-feature pb-layout-item pb-f-ads-dfp left-align\">\n<div id=\"inline\" class=\"ad-slot\">\n<div id=\"inline_ad\">\n<div id=\"google_ads_iframe_\/1058609\/america\/america_latina\/nota\/inline_0__container__\"><\/div>\n<\/div>\n<\/div>\n<\/div>\n<div class=\"col-xs-12 col-print-12\">\n<p class=\"element element-paragraph\">El esc\u00e1ndalo en su contra se desat\u00f3 en diciembre de 2017,\u00a0<strong>luego que el empresario Marcelo Odebrecht declarara en Brasil a fiscales peruanos que contribuy\u00f3 a la campa\u00f1a de Keiko en 2011.<\/strong><\/p>\n<\/div>\n<\/div>\n<div class=\"row pb-content-type-text\">\n<div class=\"col-xs-12 col-print-12\">\n<p class=\"element element-paragraph\">Giuliana Loza, abogada de Fujimori, confirm\u00f3 que su clienta fue detenida esta ma\u00f1ana cuando acudi\u00f3 a declarar por\u00a0<b>los aportes que recibi\u00f3 su partido hasta siete a\u00f1os.\u00a0<\/b>En di\u00e1logo con\u00a0<i>Radio Programas<\/i>,\u00a0<b>Loza calific\u00f3 de \u00ababusiva\u00bb y \u00abarbitraria\u00bb la medida adoptada por solicitud del fiscal Jos\u00e9 Domingo P\u00e9rez.<\/b><\/p>\n<\/div>\n<\/div>\n<div class=\"row pb-content-type-text\">\n<div class=\"col-xs-12 col-print-12\">\n<p class=\"element element-paragraph\">De acuerdo a la resoluci\u00f3n judicial, a la que tuvo acceso\u00a0<em>El Comercio<\/em>, el juez determin\u00f3 que existe un \u00abgrave peligro de fuga\u00bb por parte la ex candidata presidencial. Tambi\u00e9n se\u00f1ala que\u00a0<b>Keiko Fujimori\u00a0<\/b><strong>constituy\u00f3 \u00abuna organizaci\u00f3n criminal\u00bb al interior de Fuerza Popular<\/strong>.<\/p>\n<\/div>\n<\/div>\n<div class=\"row pb-content-type-text\">\n<div class=\"col-xs-12 col-print-12\">\n<p class=\"element element-paragraph\">La mayor de los cuatro hijos del ex presidente Alberto Fujimori (1990-2000) dirige con mano firme el partido Fuerza Popular, que controla el Congreso y que mantuvo acorralado al destitudio Pedro Pablo Kuczynski en sus 20 meses de gobierno.<\/p>\n<p>Fuente: infobae.com<\/p>\n<\/div>\n<\/div>\n<div class=\"gsp_post_data\" \r\n\t            data-post_type=\"post\" \r\n\t            data-cat=\"noticias-internacionales\" \r\n\t            data-modified=\"120\"\r\n\t            data-created=\"1539173530\"\r\n\t            data-title=\"Keiko Fujimori fue detenida por lavado de activos\" \r\n\t            data-home=\"https:\/\/www.evafm.net\/sitio\"><\/div>","protected":false},"excerpt":{"rendered":"<p>La l\u00edder del partido opositor Fuerza Popular, Keiko Fujimori, fue detenida hoy a pedido de la Fiscal\u00eda de Lavado de Activos de Per\u00fa, informaron medios locales. Seg\u00fan im\u00e1genes difundidas por el Canal N\u00a0de televisi\u00f3n,\u00a0Keiko fue arrestada tras acudir a un tribunal para ser interrogada por la investigaci\u00f3n por presunto lavado de activos junto a su&#8230;<\/p>\n","protected":false},"author":5,"featured_media":40120,"comment_status":"closed","ping_status":"open","sticky":false,"template":"","format":"standard","meta":{"_joinchat":[],"footnotes":""},"categories":[1345],"tags":[],"class_list":["post-40119","post","type-post","status-publish","format-standard","has-post-thumbnail","hentry","category-noticias-internacionales","have-post-thumb"],"_links":{"self":[{"href":"https:\/\/www.evafm.net\/sitio\/wp-json\/wp\/v2\/posts\/40119","targetHints":{"allow":["GET"]}}],"collection":[{"href":"https:\/\/www.evafm.net\/sitio\/wp-json\/wp\/v2\/posts"}],"about":[{"href":"https:\/\/www.evafm.net\/sitio\/wp-json\/wp\/v2\/types\/post"}],"author":[{"embeddable":true,"href":"https:\/\/www.evafm.net\/sitio\/wp-json\/wp\/v2\/users\/5"}],"replies":[{"embeddable":true,"href":"https:\/\/www.evafm.net\/sitio\/wp-json\/wp\/v2\/comments?post=40119"}],"version-history":[{"count":1,"href":"https:\/\/www.evafm.net\/sitio\/wp-json\/wp\/v2\/posts\/40119\/revisions"}],"predecessor-version":[{"id":40121,"href":"https:\/\/www.evafm.net\/sitio\/wp-json\/wp\/v2\/posts\/40119\/revisions\/40121"}],"wp:featuredmedia":[{"embeddable":true,"href":"https:\/\/www.evafm.net\/sitio\/wp-json\/wp\/v2\/media\/40120"}],"wp:attachment":[{"href":"https:\/\/www.evafm.net\/sitio\/wp-json\/wp\/v2\/media?parent=40119"}],"wp:term":[{"taxonomy":"category","embeddable":true,"href":"https:\/\/www.evafm.net\/sitio\/wp-json\/wp\/v2\/categories?post=40119"},{"taxonomy":"post_tag","embeddable":true,"href":"https:\/\/www.evafm.net\/sitio\/wp-json\/wp\/v2\/tags?post=40119"}],"curies":[{"name":"wp","href":"https:\/\/api.w.org\/{rel}","templated":true}]}}