{"id":40179,"date":"2018-10-11T14:44:02","date_gmt":"2018-10-11T19:44:02","guid":{"rendered":"http:\/\/www.evafm.net\/sitio\/?p=40179"},"modified":"2018-10-11T14:44:02","modified_gmt":"2018-10-11T19:44:02","slug":"selena-gomez-ingresada-en-un-centro-psiquiatrico","status":"publish","type":"post","link":"https:\/\/www.evafm.net\/sitio\/selena-gomez-ingresada-en-un-centro-psiquiatrico\/","title":{"rendered":"Selena G\u00f3mez, ingresada en un centro psiqui\u00e1trico"},"content":{"rendered":"<p>La cantante y actriz\u00a0<b>Selena G\u00f3mez\u00a0<\/b>est\u00e1 ingresada en un centro psiqui\u00e1trico de Estados Unidos tras sufrir la semana pasada una \u00abcrisis emocional\u00bb, inform\u00f3 hoy el medio especializado en famosos TMZ.<\/p>\n<p>Las fuentes consultadas por TMZ indicaron que G\u00f3mez, de 26 a\u00f1os, tuvo un primer ingreso hospitalario la \u00faltima semana de septiembre ya que estaba nerviosa y deprimida por un alarmantemente bajo nivel de gl\u00f3bulos blancos en sangre.<\/p>\n<p>La que fuera estrella de Disney se someti\u00f3 el a\u00f1o pasado a un trasplante de ri\u00f1\u00f3n a causa de un lupus. G\u00f3mez recibi\u00f3 el alta tras unos d\u00edas en el hospital Cedars-Sinai Medical Center de Los Angeles (California), pero a finales de la semana pasada volvi\u00f3 a ingresar ya que su bajo nivel de gl\u00f3bulos blancos persist\u00eda, lo que deriv\u00f3 en una \u00abespiral emocional negativa\u00bb<\/p>\n<p>&nbsp;<\/p>\n<p>&nbsp;<\/p>\n<p>Durante este segundo ingreso, seg\u00fan TMZ, la cantante sufri\u00f3 una crisis nerviosa despu\u00e9s de que los m\u00e9dicos no la dejasen irse, trat\u00f3 de arrancarse las v\u00edas intravenosas del brazo y finalmente deriv\u00f3 en una \u00abcrisis emocional\u00bb.<\/p>\n<p>En estos momentos, G\u00f3mez estar\u00eda ingresada en un psiqui\u00e1trico de la costa este de Estados Unidos para recibir terapia dial\u00e9ctica de comportamiento, un tratamiento al que ya se someti\u00f3 en el pasado y que sirve para tratar diversos trastornos. En 2014, G\u00f3mez estuvo dos semanas en rehabilitaci\u00f3n por abuso de alcohol, marihuana y f\u00e1rmacos tras su ruptura con Justin Bieber.<\/p>\n<p>Fuente: lavanguardia.com<\/p>\n<div class=\"gsp_post_data\" \r\n\t            data-post_type=\"post\" \r\n\t            data-cat=\"farandula-internacional\" \r\n\t            data-modified=\"120\"\r\n\t            data-created=\"1539269042\"\r\n\t            data-title=\"Selena G\u00f3mez, ingresada en un centro psiqui\u00e1trico\" \r\n\t            data-home=\"https:\/\/www.evafm.net\/sitio\"><\/div>","protected":false},"excerpt":{"rendered":"<p>La cantante y actriz\u00a0Selena G\u00f3mez\u00a0est\u00e1 ingresada en un centro psiqui\u00e1trico de Estados Unidos tras sufrir la semana pasada una \u00abcrisis emocional\u00bb, inform\u00f3 hoy el medio especializado en famosos TMZ. Las fuentes consultadas por TMZ indicaron que G\u00f3mez, de 26 a\u00f1os, tuvo un primer ingreso hospitalario la \u00faltima semana de septiembre ya que estaba nerviosa y&#8230;<\/p>\n","protected":false},"author":5,"featured_media":40180,"comment_status":"closed","ping_status":"open","sticky":false,"template":"","format":"standard","meta":{"_joinchat":[],"footnotes":""},"categories":[1346],"tags":[],"class_list":["post-40179","post","type-post","status-publish","format-standard","has-post-thumbnail","hentry","category-farandula-internacional","have-post-thumb"],"_links":{"self":[{"href":"https:\/\/www.evafm.net\/sitio\/wp-json\/wp\/v2\/posts\/40179","targetHints":{"allow":["GET"]}}],"collection":[{"href":"https:\/\/www.evafm.net\/sitio\/wp-json\/wp\/v2\/posts"}],"about":[{"href":"https:\/\/www.evafm.net\/sitio\/wp-json\/wp\/v2\/types\/post"}],"author":[{"embeddable":true,"href":"https:\/\/www.evafm.net\/sitio\/wp-json\/wp\/v2\/users\/5"}],"replies":[{"embeddable":true,"href":"https:\/\/www.evafm.net\/sitio\/wp-json\/wp\/v2\/comments?post=40179"}],"version-history":[{"count":1,"href":"https:\/\/www.evafm.net\/sitio\/wp-json\/wp\/v2\/posts\/40179\/revisions"}],"predecessor-version":[{"id":40181,"href":"https:\/\/www.evafm.net\/sitio\/wp-json\/wp\/v2\/posts\/40179\/revisions\/40181"}],"wp:featuredmedia":[{"embeddable":true,"href":"https:\/\/www.evafm.net\/sitio\/wp-json\/wp\/v2\/media\/40180"}],"wp:attachment":[{"href":"https:\/\/www.evafm.net\/sitio\/wp-json\/wp\/v2\/media?parent=40179"}],"wp:term":[{"taxonomy":"category","embeddable":true,"href":"https:\/\/www.evafm.net\/sitio\/wp-json\/wp\/v2\/categories?post=40179"},{"taxonomy":"post_tag","embeddable":true,"href":"https:\/\/www.evafm.net\/sitio\/wp-json\/wp\/v2\/tags?post=40179"}],"curies":[{"name":"wp","href":"https:\/\/api.w.org\/{rel}","templated":true}]}}