{"id":40186,"date":"2018-10-11T15:00:39","date_gmt":"2018-10-11T20:00:39","guid":{"rendered":"http:\/\/www.evafm.net\/sitio\/?p=40186"},"modified":"2018-10-11T15:00:39","modified_gmt":"2018-10-11T20:00:39","slug":"actor-espanol-le-hara-la-vida-imposible-a-stallone-en-rambo-5","status":"publish","type":"post","link":"https:\/\/www.evafm.net\/sitio\/actor-espanol-le-hara-la-vida-imposible-a-stallone-en-rambo-5\/","title":{"rendered":"Actor espa\u00f1ol le har\u00e1 la vida imposible a Stallone en &#8216;Rambo 5&#8217;"},"content":{"rendered":"<p>LOS \u00c1NGEELS.<\/p>\n<p class=\"letter-capitular\">El actor espa\u00f1ol\u00a0<strong>Sergio Peris-Mencheta<\/strong>, presente actualmente en la cartelera estadunidense con el drama\u00a0<strong>Life Itself<\/strong>, se enfrentar\u00e1 a\u00a0<strong>Sylvester Stallone\u00a0<\/strong>como el gran villano de\u00a0<strong>Rambo 5<\/strong>, inform\u00f3 hoy el<em>\u00a0blog<\/em>especializado<strong>\u00a0Deadline<\/strong>.<\/p>\n<p>Peris-Mencheta se une as\u00ed a un reparto donde aparecer\u00e1 tambi\u00e9n su compatriota\u00a0<strong>Paz Vega<\/strong>.<\/p>\n<p>En\u00a0<strong>Rambo 5: Last Blood<\/strong>, el personaje protagonista, el veterano de Vietnam\u00a0<em>John Rambo<\/em>, interpretado por Stallone, tendr\u00e1 que lidiar con los c\u00e1rteles de la droga mexicanos despu\u00e9s de que la hija de uno de sus amigos haya sido secuestrada.<\/p>\n<p>Vega encarnar\u00e1 a\u00a0<em>Carmen Delgado<\/em>, una periodista encargada de cubrir las informaciones sobre el narcotr\u00e1fico mexicano y que se asocia con Rambo para encontrar a su hermanastra.<\/p>\n<p><strong>Adrian Grunberg<\/strong>\u00a0es el director de la cinta, que cuenta con un gui\u00f3n de\u00a0<strong>Matt Cirulnick<\/strong>\u00a0y el propio Stallone.<\/p>\n<p>La saga ha recaudado m\u00e1s de 700 millones de d\u00f3lares en todo el mundo.<\/p>\n<p>El rodaje de la cinta acaba de empezar en Bulgaria y m\u00e1s adelante se trasladar\u00e1 a Espa\u00f1a.<\/p>\n<p>La productora responsable del rodaje,\u00a0<strong>Nu Boyana<\/strong>, filial de la estadunidense\u00a0<strong>Millenium<\/strong>, se ha instalado en Tenerife para el desarrollo de la producci\u00f3n.<\/p>\n<p>cmd<\/p>\n<p>https:\/\/youtu.be\/A89wXYmSZO0<\/p>\n<p>Fuente: excelsior.com.mx<\/p>\n<div class=\"gsp_post_data\" \r\n\t            data-post_type=\"post\" \r\n\t            data-cat=\"farandula-internacional\" \r\n\t            data-modified=\"120\"\r\n\t            data-created=\"1539270039\"\r\n\t            data-title=\"Actor espa\u00f1ol le har\u00e1 la vida imposible a Stallone en &#8216;Rambo 5&#8217;\" \r\n\t            data-home=\"https:\/\/www.evafm.net\/sitio\"><\/div>","protected":false},"excerpt":{"rendered":"<p>LOS \u00c1NGEELS. El actor espa\u00f1ol\u00a0Sergio Peris-Mencheta, presente actualmente en la cartelera estadunidense con el drama\u00a0Life Itself, se enfrentar\u00e1 a\u00a0Sylvester Stallone\u00a0como el gran villano de\u00a0Rambo 5, inform\u00f3 hoy el\u00a0blogespecializado\u00a0Deadline. Peris-Mencheta se une as\u00ed a un reparto donde aparecer\u00e1 tambi\u00e9n su compatriota\u00a0Paz Vega. En\u00a0Rambo 5: Last Blood, el personaje protagonista, el veterano de Vietnam\u00a0John Rambo, interpretado por&#8230;<\/p>\n","protected":false},"author":5,"featured_media":40187,"comment_status":"closed","ping_status":"open","sticky":false,"template":"","format":"standard","meta":{"_joinchat":[],"footnotes":""},"categories":[1346],"tags":[],"class_list":["post-40186","post","type-post","status-publish","format-standard","has-post-thumbnail","hentry","category-farandula-internacional","have-post-thumb"],"_links":{"self":[{"href":"https:\/\/www.evafm.net\/sitio\/wp-json\/wp\/v2\/posts\/40186","targetHints":{"allow":["GET"]}}],"collection":[{"href":"https:\/\/www.evafm.net\/sitio\/wp-json\/wp\/v2\/posts"}],"about":[{"href":"https:\/\/www.evafm.net\/sitio\/wp-json\/wp\/v2\/types\/post"}],"author":[{"embeddable":true,"href":"https:\/\/www.evafm.net\/sitio\/wp-json\/wp\/v2\/users\/5"}],"replies":[{"embeddable":true,"href":"https:\/\/www.evafm.net\/sitio\/wp-json\/wp\/v2\/comments?post=40186"}],"version-history":[{"count":1,"href":"https:\/\/www.evafm.net\/sitio\/wp-json\/wp\/v2\/posts\/40186\/revisions"}],"predecessor-version":[{"id":40189,"href":"https:\/\/www.evafm.net\/sitio\/wp-json\/wp\/v2\/posts\/40186\/revisions\/40189"}],"wp:featuredmedia":[{"embeddable":true,"href":"https:\/\/www.evafm.net\/sitio\/wp-json\/wp\/v2\/media\/40187"}],"wp:attachment":[{"href":"https:\/\/www.evafm.net\/sitio\/wp-json\/wp\/v2\/media?parent=40186"}],"wp:term":[{"taxonomy":"category","embeddable":true,"href":"https:\/\/www.evafm.net\/sitio\/wp-json\/wp\/v2\/categories?post=40186"},{"taxonomy":"post_tag","embeddable":true,"href":"https:\/\/www.evafm.net\/sitio\/wp-json\/wp\/v2\/tags?post=40186"}],"curies":[{"name":"wp","href":"https:\/\/api.w.org\/{rel}","templated":true}]}}