{"id":40199,"date":"2018-10-12T12:00:58","date_gmt":"2018-10-12T17:00:58","guid":{"rendered":"http:\/\/www.evafm.net\/sitio\/?p=40199"},"modified":"2018-10-12T12:00:58","modified_gmt":"2018-10-12T17:00:58","slug":"ecuador-suena-con-entrar-a-un-club-selecto-de-paises","status":"publish","type":"post","link":"https:\/\/www.evafm.net\/sitio\/ecuador-suena-con-entrar-a-un-club-selecto-de-paises\/","title":{"rendered":"Ecuador sue\u00f1a con entrar a un \u201cclub selecto\u201d de pa\u00edses"},"content":{"rendered":"<p>Las\u00a0<b>autoridades<\/b>\u00a0<b>gubernamentales<\/b>\u00a0se han puesto la vara muy alta. Ecuador ahora tiene el objetivo de ser parte de la Organizaci\u00f3n para la Cooperaci\u00f3n y el Desarrollo Econ\u00f3micos (OCDE). As\u00ed lo dio a conocer el 11 de octubre el ministro de\u00a0<b>Econom\u00eda<\/b>\u00a0y\u00a0<b>Finanzas<\/b>,\u00a0<b>Richard<\/b>\u00a0<b>Mart\u00ednez<\/b>, durante el\u00a0<b>World<\/b>\u00a0<b>Business<\/b>\u00a0<b>Forum<\/b><b>Latinoam\u00e9rica<\/b>, que se realiz\u00f3 en Quito.<\/p>\n<p>\u00bfPero qu\u00e9 es la\u00a0<b>OCDE<\/b>? Es una organizaci\u00f3n internacional creada en 1961. En muchas ocasiones fue llamada el \u201cclub de los pa\u00edses ricos\u201d porque sus miembros representan m\u00e1s del 70 % del mercado mundial.<\/p>\n<p>Su objetivo es fomentar el crecimiento econ\u00f3mico y el empleo sostenible para elevar el nivel de vida en los pa\u00edses miembros, manteniendo la estabilidad financiera y contribuyendo al desarrollo de la econom\u00eda mundial.<\/p>\n<p>Mart\u00ednez no precis\u00f3 en qu\u00e9 plazo buscar\u00e1n unirse al organismo ni en qu\u00e9 condiciones.<\/p>\n<p>El camino no ser\u00e1 f\u00e1cil. Actualmente, de\u00a0<b>Am\u00e9rica<\/b>\u00a0<b>Latina<\/b>\u00a0\u00fanicamente Chile y M\u00e9xico forman parte del organismo. Se espera que el pr\u00f3ximo mes\u00a0<b>Colombia<\/b>tambi\u00e9n se incorpore oficialmente al grupo.<\/p>\n<p>\u00bfCu\u00e1les son los requisitos para ingresar? De acuerdo con experiencias de otras naciones, el camino puede ser complejo. Los requisitos m\u00ednimos son: ser una democracia (entendida en los t\u00e9rminos modernos: divisi\u00f3n de poderes, participaci\u00f3n universal, periodizaci\u00f3n de los mandatos y alternancia de partidos gobernantes), existencia plena del respeto por los derechos humanos en el territorio y tener una econom\u00eda de mercado y abierta.<\/p>\n<p>Adem\u00e1s , durante el\u00a0<b>World Business Forum<\/b>, empresarios del pa\u00eds y Am\u00e9rica Latina discutieron sobre los retos que trae la cuarta revoluci\u00f3n industrial o industrias 4.0.<\/p>\n<p>Inteligencia artificial, veh\u00edculos aut\u00f3nomos, digitalizaci\u00f3n de las f\u00e1bricas&#8230; son algunos de los retos que ya se analizan en el mundo empresarial y qu\u00e9 implicaciones tendr\u00e1n, por ejemplo, en el trabajo.<\/p>\n<p>Caterina Costa, presidenta de la C\u00e1mara de Industrias de\u00a0<b>Guayaquil<\/b>\u00a0y vicepresidenta de la<b>\u00a0Asociaci\u00f3n de Industriales Latinoamericanos<\/b>\u00a0(AILA), se\u00f1al\u00f3 que el n\u00facleo de la cuarta revoluci\u00f3n industrial es la convergencia de actores y procesos a lo largo de toda la cadena de suministros y valores.<\/p>\n<p>En el evento tambi\u00e9n particip\u00f3 el presidente de la Rep\u00fablica, Len\u00edn Moreno, quien hizo un llamado a los empresarios a invertir en el pa\u00eds.<\/p>\n<p>\u201cEste nuevo Ecuador tiene una econom\u00eda en crecimiento y un gasto p\u00fablico absolutamente disciplinado\u201d, dijo Moreno.<\/p>\n<p>En el World Business Forum cap\u00edtulo\u00a0<b>Ecuador<\/b>, organizado por la AILA y varias c\u00e1maras de empresarios del pa\u00eds, participaron representantes de los sectores p\u00fablico y privado nacionales y extranjeros. Marcas como Nissan, Unilever, Telef\u00f3nica, entre otras, contaron c\u00f3mo se est\u00e1n transformando sus sectores en la cuarta revoluci\u00f3n industrial.<\/p>\n<p>Fuente: expreso.ec<\/p>\n<div class=\"gsp_post_data\" \r\n\t            data-post_type=\"post\" \r\n\t            data-cat=\"noticias-ecuador\" \r\n\t            data-modified=\"120\"\r\n\t            data-created=\"1539345658\"\r\n\t            data-title=\"Ecuador sue\u00f1a con entrar a un \u201cclub selecto\u201d de pa\u00edses\" \r\n\t            data-home=\"https:\/\/www.evafm.net\/sitio\"><\/div>","protected":false},"excerpt":{"rendered":"<p>Las\u00a0autoridades\u00a0gubernamentales\u00a0se han puesto la vara muy alta. Ecuador ahora tiene el objetivo de ser parte de la Organizaci\u00f3n para la Cooperaci\u00f3n y el Desarrollo Econ\u00f3micos (OCDE). As\u00ed lo dio a conocer el 11 de octubre el ministro de\u00a0Econom\u00eda\u00a0y\u00a0Finanzas,\u00a0Richard\u00a0Mart\u00ednez, durante el\u00a0World\u00a0Business\u00a0ForumLatinoam\u00e9rica, que se realiz\u00f3 en Quito. \u00bfPero qu\u00e9 es la\u00a0OCDE? Es una organizaci\u00f3n internacional creada en&#8230;<\/p>\n","protected":false},"author":5,"featured_media":40200,"comment_status":"closed","ping_status":"open","sticky":false,"template":"","format":"standard","meta":{"_joinchat":[],"footnotes":""},"categories":[1558],"tags":[],"class_list":["post-40199","post","type-post","status-publish","format-standard","has-post-thumbnail","hentry","category-noticias-ecuador","have-post-thumb"],"_links":{"self":[{"href":"https:\/\/www.evafm.net\/sitio\/wp-json\/wp\/v2\/posts\/40199","targetHints":{"allow":["GET"]}}],"collection":[{"href":"https:\/\/www.evafm.net\/sitio\/wp-json\/wp\/v2\/posts"}],"about":[{"href":"https:\/\/www.evafm.net\/sitio\/wp-json\/wp\/v2\/types\/post"}],"author":[{"embeddable":true,"href":"https:\/\/www.evafm.net\/sitio\/wp-json\/wp\/v2\/users\/5"}],"replies":[{"embeddable":true,"href":"https:\/\/www.evafm.net\/sitio\/wp-json\/wp\/v2\/comments?post=40199"}],"version-history":[{"count":1,"href":"https:\/\/www.evafm.net\/sitio\/wp-json\/wp\/v2\/posts\/40199\/revisions"}],"predecessor-version":[{"id":40201,"href":"https:\/\/www.evafm.net\/sitio\/wp-json\/wp\/v2\/posts\/40199\/revisions\/40201"}],"wp:featuredmedia":[{"embeddable":true,"href":"https:\/\/www.evafm.net\/sitio\/wp-json\/wp\/v2\/media\/40200"}],"wp:attachment":[{"href":"https:\/\/www.evafm.net\/sitio\/wp-json\/wp\/v2\/media?parent=40199"}],"wp:term":[{"taxonomy":"category","embeddable":true,"href":"https:\/\/www.evafm.net\/sitio\/wp-json\/wp\/v2\/categories?post=40199"},{"taxonomy":"post_tag","embeddable":true,"href":"https:\/\/www.evafm.net\/sitio\/wp-json\/wp\/v2\/tags?post=40199"}],"curies":[{"name":"wp","href":"https:\/\/api.w.org\/{rel}","templated":true}]}}