{"id":40257,"date":"2018-10-13T12:49:39","date_gmt":"2018-10-13T17:49:39","guid":{"rendered":"http:\/\/www.evafm.net\/sitio\/?p=40257"},"modified":"2018-10-13T12:52:17","modified_gmt":"2018-10-13T17:52:17","slug":"tuneles-se-cierran-lunes-15-y-martes-16-en-horas-de-alto-trafico","status":"publish","type":"post","link":"https:\/\/www.evafm.net\/sitio\/tuneles-se-cierran-lunes-15-y-martes-16-en-horas-de-alto-trafico\/","title":{"rendered":"T\u00faneles se cierran lunes 15 y martes 16 en horas de alto tr\u00e1fico"},"content":{"rendered":"<p>La Autoridad de Tr\u00e1nsito Municipal (ATM) anunci\u00f3, mediante sus redes sociales, el cierre parcial de los t\u00faneles de los cerros del Carmen y Santa Ana, que se dar\u00e1 en diferentes horarios el lunes 15 y martes 16 de octubre.<\/p>\n<p>El t\u00fanel del cerro Santa Ana se cerrar\u00e1 de 11:00 a 14:00 y de 16:00 a 19:00 el lunes.<\/p>\n<p>Este facilita el paso desde la av. Malec\u00f3n hacia la av. Pedro Men\u00e9ndez, hacia el norte.<\/p>\n<p>Mientras que el del cerro del Carmen estar\u00e1 cerrado de 07:00 a 10:00 y de 11:00 a 14:00 el martes.<\/p>\n<p>Este es en sentido norte-centro.<\/p>\n<div class=\"panel-pane pane-views pane-datos-nota-ampliada pane-node-body\">\n<div class=\"pane-content\">\n<div class=\"view view-datos-nota-ampliada view-id-datos_nota_ampliada view-display-id-block_11 view-dom-id-a4997b035dd65fe135dddf564ff5d116\">\n<div class=\"view-content\">\n<div class=\"views-row views-row-1 views-row-odd views-row-first views-row-last\">\n<div class=\"views-field views-field-body\">\n<div class=\"field-content\">\n<div class=\"field-name-body\">\n<p>Fernando Amador, director de transporte de la ATM, explic\u00f3 que el cierre ser\u00e1 de una sola v\u00eda en ambos t\u00faneles y que se debe a trabajos de mantenimiento. (I)<\/p>\n<\/div>\n<\/div>\n<\/div>\n<\/div>\n<\/div>\n<\/div>\n<\/div>\n<\/div>\n<h4><\/h4>\n<blockquote class=\"twitter-tweet\" data-width=\"550\" data-dnt=\"true\">\n<p lang=\"es\" dir=\"ltr\"><a href=\"https:\/\/twitter.com\/hashtag\/ATMinforma?src=hash&amp;ref_src=twsrc%5Etfw\">#ATMinforma<\/a> | Lunes 15 y martes 16 de octubre se proceder\u00e1 con los cierres parciales de t\u00fanel Santa Ana y Cerro del Carmen. M\u00e1s informaci\u00f3n :arrow_down: <a href=\"https:\/\/t.co\/r8VtFwtiMQ\">pic.twitter.com\/r8VtFwtiMQ<\/a><\/p>\n<p>&mdash; ATM Guayaquil (@ATMGuayaquil) <a href=\"https:\/\/twitter.com\/ATMGuayaquil\/status\/1051126827090104323?ref_src=twsrc%5Etfw\">October 13, 2018<\/a><\/p><\/blockquote>\n<p><script async src=\"https:\/\/platform.twitter.com\/widgets.js\" charset=\"utf-8\"><\/script><\/p>\n<p>Fuente: eluniverso.com &#8211; twitter.com<\/p>\n<div class=\"gsp_post_data\" \r\n\t            data-post_type=\"post\" \r\n\t            data-cat=\"noticias-ecuador\" \r\n\t            data-modified=\"120\"\r\n\t            data-created=\"1539434979\"\r\n\t            data-title=\"T\u00faneles se cierran lunes 15 y martes 16 en horas de alto tr\u00e1fico\" \r\n\t            data-home=\"https:\/\/www.evafm.net\/sitio\"><\/div>","protected":false},"excerpt":{"rendered":"<p>La Autoridad de Tr\u00e1nsito Municipal (ATM) anunci\u00f3, mediante sus redes sociales, el cierre parcial de los t\u00faneles de los cerros del Carmen y Santa Ana, que se dar\u00e1 en diferentes horarios el lunes 15 y martes 16 de octubre. El t\u00fanel del cerro Santa Ana se cerrar\u00e1 de 11:00 a 14:00 y de 16:00 a&#8230;<\/p>\n","protected":false},"author":5,"featured_media":40259,"comment_status":"closed","ping_status":"open","sticky":false,"template":"","format":"standard","meta":{"_joinchat":[],"footnotes":""},"categories":[1558],"tags":[],"class_list":["post-40257","post","type-post","status-publish","format-standard","has-post-thumbnail","hentry","category-noticias-ecuador","have-post-thumb"],"_links":{"self":[{"href":"https:\/\/www.evafm.net\/sitio\/wp-json\/wp\/v2\/posts\/40257","targetHints":{"allow":["GET"]}}],"collection":[{"href":"https:\/\/www.evafm.net\/sitio\/wp-json\/wp\/v2\/posts"}],"about":[{"href":"https:\/\/www.evafm.net\/sitio\/wp-json\/wp\/v2\/types\/post"}],"author":[{"embeddable":true,"href":"https:\/\/www.evafm.net\/sitio\/wp-json\/wp\/v2\/users\/5"}],"replies":[{"embeddable":true,"href":"https:\/\/www.evafm.net\/sitio\/wp-json\/wp\/v2\/comments?post=40257"}],"version-history":[{"count":3,"href":"https:\/\/www.evafm.net\/sitio\/wp-json\/wp\/v2\/posts\/40257\/revisions"}],"predecessor-version":[{"id":40262,"href":"https:\/\/www.evafm.net\/sitio\/wp-json\/wp\/v2\/posts\/40257\/revisions\/40262"}],"wp:featuredmedia":[{"embeddable":true,"href":"https:\/\/www.evafm.net\/sitio\/wp-json\/wp\/v2\/media\/40259"}],"wp:attachment":[{"href":"https:\/\/www.evafm.net\/sitio\/wp-json\/wp\/v2\/media?parent=40257"}],"wp:term":[{"taxonomy":"category","embeddable":true,"href":"https:\/\/www.evafm.net\/sitio\/wp-json\/wp\/v2\/categories?post=40257"},{"taxonomy":"post_tag","embeddable":true,"href":"https:\/\/www.evafm.net\/sitio\/wp-json\/wp\/v2\/tags?post=40257"}],"curies":[{"name":"wp","href":"https:\/\/api.w.org\/{rel}","templated":true}]}}