{"id":40267,"date":"2018-10-13T13:24:21","date_gmt":"2018-10-13T18:24:21","guid":{"rendered":"http:\/\/www.evafm.net\/sitio\/?p=40267"},"modified":"2018-10-13T13:24:46","modified_gmt":"2018-10-13T18:24:46","slug":"los-astronautas-de-la-soyuz-ya-tienen-fecha-para-volver-al-espacio","status":"publish","type":"post","link":"https:\/\/www.evafm.net\/sitio\/los-astronautas-de-la-soyuz-ya-tienen-fecha-para-volver-al-espacio\/","title":{"rendered":"Los astronautas de la Soyuz ya tienen fecha para volver al espacio"},"content":{"rendered":"<div class=\"row pb-content-type-text\">\n<div class=\"col-xs-12 col-print-12\">\n<p class=\"element element-paragraph\">El<strong>\u00a0astronauta de la NASA Nick Hague y el cosmonauta Alex\u00e9i Ovchinin<\/strong>\u00a0ir\u00e1n previsiblemente a la\u00a0<strong>Estaci\u00f3n Espacial Internacional<\/strong>\u00a0(EEI) en la primavera pr\u00f3xima despu\u00e9s del\u00a0<strong>fallido lanzamiento este jueves<\/strong>, indic\u00f3 el\u00a0<strong>director general de la agencia espacial rusa, Roscosmos, Dimitri Rogozin<\/strong>.<\/p>\n<\/div>\n<\/div>\n<div class=\"row pb-content-type-text\">\n<div class=\"col-xs-12 col-print-12\">\n<p class=\"element element-paragraph\">\u00abEstamos de vuelta en la\u00a0<strong>Ciudad de las Estrellas.<\/strong>\u00a0Los chicos volar\u00e1n definitivamente. Planeamos su vuelo para la primavera del pr\u00f3ximo a\u00f1o\u00bb, tuite\u00f3 Rogozin en su cuenta oficial de la red social Twitter.<\/p>\n<\/div>\n<\/div>\n<div class=\"row pb-content-type-text\">\n<div class=\"col-xs-12 col-print-12\">\n<p class=\"element element-paragraph\">Tras el fallido lanzamiento de la\u00a0<strong>Soyuz MS-10<\/strong>\u00a0el jueves, Hague y Ovchinin pasaron la noche tras un reconocimiento m\u00e9dico en Baikonur, en Kazajist\u00e1n, donde se encuentra el cosm\u00f3dromo ruso, para ser trasladados este viernes a la\u00a0<strong>Ciudad de las Estrellas en las afueras de Mosc\u00fa<\/strong>, complejo que alberga el\u00a0<strong>Centro de Entrenamiento de Cosmonautas Yuri Gagarin<\/strong>.<\/p>\n<\/div>\n<\/div>\n<div class=\"row pb-content-type-text\">\n<div class=\"col-xs-12 col-print-12\">\n<p class=\"element element-paragraph\"><strong>Minutos despu\u00e9s de su despegue, la Soyuz MS-10 tuvo que emprender su viaje de vuelta por una anomal\u00eda en el propulsor.<\/strong><\/p>\n<div class=\"row pb-content-type-text\">\n<div class=\"col-xs-12 col-print-12\">\n<p class=\"element element-paragraph\">Durante el descenso,\u00a0<strong>Hague y Ovchinin estuvieron expuestos a una fuerza de aceleraci\u00f3n equivalente a 7g<\/strong>\u00a0(siete veces la fuerza de la gravedad), pero los m\u00e9dicos han indicado que los dos se encuentran en buenas condiciones.<\/p>\n<\/div>\n<\/div>\n<div class=\"row pb-content-type-text\">\n<div class=\"col-xs-12 col-print-12\">\n<p class=\"element element-paragraph\">El responsable adjunto de la\u00a0<strong>Agencia Federal M\u00e9dica y Biol\u00f3gica, Vyacheslav Rogozhinkov<\/strong>, dijo a periodistas que la recuperaci\u00f3n plena de los dos\u00a0<strong>astronautas<\/strong>\u00a0no tomar\u00e1 m\u00e1s de dos d\u00edas.<\/p>\n<\/div>\n<\/div>\n<div class=\"row pb-content-type-text\">\n<div class=\"col-xs-12 col-print-12\">\n<p class=\"element element-paragraph\">La<strong>\u00a0Soyuz MS-10<\/strong>\u00a0iba a la EEI para una misi\u00f3n de seis meses, y Hague y Ovchinin se iban a sumar a los tres tripulantes que ya est\u00e1n en la\u00a0<strong>plataforma orbital internacional<\/strong>, de manera que los planes de vuelo se tienen que revisar tras el incidente del jueves.<\/p>\n<\/div>\n<\/div>\n<div class=\"row pb-content-type-text\">\n<div class=\"col-xs-12 col-print-12\">\n<p class=\"element element-paragraph\"><strong>Roscosmos<\/strong>\u00a0dijo que intentar\u00e1 acelerar el pr\u00f3ximo\u00a0<strong>lanzamiento tripulado<\/strong>\u00a0-uno diferente al de Hague y Ovchinin- lo m\u00e1ximo posible, si bien los astronautas actualmente en la EEI,\u00a0<strong>Alexander Gerst de la Agencia Espacial Europea (ESA), la ingeniero de la NASA Serena Au\u00f1\u00f3n-Chancellor y el ruso Sergu\u00e9i Prok\u00f3piev<\/strong>, tienen suficientes suministros como\u00a0<strong>agua y alimentos<\/strong>\u00a0para cubrir sus necesidades hasta un pr\u00f3ximo vuelo.<\/p>\n<\/div>\n<\/div>\n<div class=\"row pb-content-type-text\">\n<div class=\"col-xs-12 col-print-12\">\n<p class=\"element element-paragraph\">El jueves no estaba en duda el lanzamiento del\u00a0<strong>carguero Progress<\/strong>, previsto para el pr\u00f3ximo d\u00eda 31, pero el\u00a0<strong>director ejecutivo de Roscosmos para los Programas Tripulados, Sergu\u00e9i Krikalyov<\/strong>, indic\u00f3 que quiz\u00e1s se posponga el vuelo \u00abun poco\u00bb.<\/p>\n<div class=\"single-image\">\n<div class=\"shares\">\n<div class=\"share-button facebook\"><\/div>\n<\/div>\n<p><img decoding=\"async\" id=\"FHOKO52SRRCONJYQMVROPGXNTQ\" class=\"image-lazy\" src=\"https:\/\/www.infobae.com\/new-resizer\/aTyy0HJTFcuCUCZGAanUUxzOHE4=\/600x0\/filters:quality(100)\/s3.amazonaws.com\/arc-wordpress-client-uploads\/infobae-wp\/wp-content\/uploads\/2018\/10\/11070731\/La-nave-soyuz-regreso-a-tierra-de-emergencia-1920-1.jpg\" alt=\"Astronautas durante el regreso de emergencia\" width=\"750\" height=\"421.875\" \/><\/p>\n<\/div>\n<p><span class=\"credit\">Astronautas durante el regreso de emergencia.<\/span><\/p>\n<\/div>\n<\/div>\n<div class=\"row pb-content-type-text\">\n<div class=\"col-xs-12 col-print-12\">\n<p class=\"element element-paragraph\"><em>Con informaci\u00f3n de EFE<\/em><\/p>\n<\/div>\n<\/div>\n<\/div>\n<\/div>\n<div class=\"gsp_post_data\" \r\n\t            data-post_type=\"post\" \r\n\t            data-cat=\"noticias-internacionales\" \r\n\t            data-modified=\"120\"\r\n\t            data-created=\"1539437061\"\r\n\t            data-title=\"Los astronautas de la Soyuz ya tienen fecha para volver al espacio\" \r\n\t            data-home=\"https:\/\/www.evafm.net\/sitio\"><\/div>","protected":false},"excerpt":{"rendered":"<p>El\u00a0astronauta de la NASA Nick Hague y el cosmonauta Alex\u00e9i Ovchinin\u00a0ir\u00e1n previsiblemente a la\u00a0Estaci\u00f3n Espacial Internacional\u00a0(EEI) en la primavera pr\u00f3xima despu\u00e9s del\u00a0fallido lanzamiento este jueves, indic\u00f3 el\u00a0director general de la agencia espacial rusa, Roscosmos, Dimitri Rogozin. \u00abEstamos de vuelta en la\u00a0Ciudad de las Estrellas.\u00a0Los chicos volar\u00e1n definitivamente. Planeamos su vuelo para la primavera del pr\u00f3ximo&#8230;<\/p>\n","protected":false},"author":5,"featured_media":40268,"comment_status":"closed","ping_status":"open","sticky":false,"template":"","format":"standard","meta":{"_joinchat":[],"footnotes":""},"categories":[1345],"tags":[],"class_list":["post-40267","post","type-post","status-publish","format-standard","has-post-thumbnail","hentry","category-noticias-internacionales","have-post-thumb"],"_links":{"self":[{"href":"https:\/\/www.evafm.net\/sitio\/wp-json\/wp\/v2\/posts\/40267","targetHints":{"allow":["GET"]}}],"collection":[{"href":"https:\/\/www.evafm.net\/sitio\/wp-json\/wp\/v2\/posts"}],"about":[{"href":"https:\/\/www.evafm.net\/sitio\/wp-json\/wp\/v2\/types\/post"}],"author":[{"embeddable":true,"href":"https:\/\/www.evafm.net\/sitio\/wp-json\/wp\/v2\/users\/5"}],"replies":[{"embeddable":true,"href":"https:\/\/www.evafm.net\/sitio\/wp-json\/wp\/v2\/comments?post=40267"}],"version-history":[{"count":2,"href":"https:\/\/www.evafm.net\/sitio\/wp-json\/wp\/v2\/posts\/40267\/revisions"}],"predecessor-version":[{"id":40270,"href":"https:\/\/www.evafm.net\/sitio\/wp-json\/wp\/v2\/posts\/40267\/revisions\/40270"}],"wp:featuredmedia":[{"embeddable":true,"href":"https:\/\/www.evafm.net\/sitio\/wp-json\/wp\/v2\/media\/40268"}],"wp:attachment":[{"href":"https:\/\/www.evafm.net\/sitio\/wp-json\/wp\/v2\/media?parent=40267"}],"wp:term":[{"taxonomy":"category","embeddable":true,"href":"https:\/\/www.evafm.net\/sitio\/wp-json\/wp\/v2\/categories?post=40267"},{"taxonomy":"post_tag","embeddable":true,"href":"https:\/\/www.evafm.net\/sitio\/wp-json\/wp\/v2\/tags?post=40267"}],"curies":[{"name":"wp","href":"https:\/\/api.w.org\/{rel}","templated":true}]}}