{"id":40274,"date":"2018-10-13T14:23:41","date_gmt":"2018-10-13T19:23:41","guid":{"rendered":"http:\/\/www.evafm.net\/sitio\/?p=40274"},"modified":"2018-10-13T14:23:41","modified_gmt":"2018-10-13T19:23:41","slug":"alejandra-guzman-estrena-soy-asi","status":"publish","type":"post","link":"https:\/\/www.evafm.net\/sitio\/alejandra-guzman-estrena-soy-asi\/","title":{"rendered":"Alejandra Guzm\u00e1n estrena \u201cSoy as\u00ed\u201d"},"content":{"rendered":"<p>La cantante mexicana Alejandra Guzm\u00e1n celebra el lanzamiento de su nuevo sencillo y video musical \u201cSoy as\u00ed\u201d.<\/p>\n<p>La canci\u00f3n est\u00e1 disponible en todas las plataformas digitales de m\u00fasica, y el video en su canal oficial de YouTube.<\/p>\n<p>\u201cSoy as\u00ed\u201d es un tema que comparte un mensaje muy importante: el quererse y aceptarse a uno mismo.<\/p>\n<p>Adem\u00e1s de sus cautivadoras letras, Alejandra regresa en este tema a los sonidos cl\u00e1sicos del rock en espa\u00f1ol, los cuales la catapultaron al estrellato.<\/p>\n<p>El video musical fue estrenado \u00a0este jueves exclusivamente durante la emisi\u00f3n estelar del programa Al Rojo Vivo por Telemundo.<\/p>\n<p>En el video, se muestra la ic\u00f3nica e indiscutible esencia de Alejandra. La artista deja brillar su personalidad y se mantiene fiel a sus ra\u00edces musicales y su estilo \u00fanico, llevando el mensaje de la canci\u00f3n de que ella se ama tal y como es, y quiere que sus fans se sientan igual.<\/p>\n<p>Este sencillo marca su regreso al estudio, luego de haberse tomado una breve pausa para embarcarse en su tour internacional \u201cVersus\u201d, junto a Gloria Trevi. La gira fue una de las m\u00e1s esperadas y mejor vendidas en M\u00e9xico, EE. UU. y el Caribe.<\/p>\n<p>El 2019 promete ser un gran a\u00f1o para Alejandra, quien estar\u00e1 presente en las pantallas de todo Estados Unidos, uni\u00e9ndose como coach al elenco de la primera temporada de La Voz USA.<\/p>\n<p><iframe title=\"Alejandra Guzm\u00e1n - Soy As\u00ed\" width=\"1200\" height=\"675\" src=\"https:\/\/www.youtube.com\/embed\/LZ_pTmHBr_E?feature=oembed\" frameborder=\"0\" allow=\"accelerometer; autoplay; clipboard-write; encrypted-media; gyroscope; picture-in-picture; web-share\" referrerpolicy=\"strict-origin-when-cross-origin\" allowfullscreen><\/iframe><\/p>\n<p>Fuente: elnuevodiario.com.ni<\/p>\n<div class=\"gsp_post_data\" \r\n\t            data-post_type=\"post\" \r\n\t            data-cat=\"general,musica-internacional\" \r\n\t            data-modified=\"120\"\r\n\t            data-created=\"1539440621\"\r\n\t            data-title=\"Alejandra Guzm\u00e1n estrena \u201cSoy as\u00ed\u201d\" \r\n\t            data-home=\"https:\/\/www.evafm.net\/sitio\"><\/div>","protected":false},"excerpt":{"rendered":"<p>La cantante mexicana Alejandra Guzm\u00e1n celebra el lanzamiento de su nuevo sencillo y video musical \u201cSoy as\u00ed\u201d. La canci\u00f3n est\u00e1 disponible en todas las plataformas digitales de m\u00fasica, y el video en su canal oficial de YouTube. \u201cSoy as\u00ed\u201d es un tema que comparte un mensaje muy importante: el quererse y aceptarse a uno mismo&#8230;.<\/p>\n","protected":false},"author":5,"featured_media":40275,"comment_status":"closed","ping_status":"open","sticky":false,"template":"","format":"standard","meta":{"_joinchat":[],"footnotes":""},"categories":[1720,2],"tags":[],"class_list":["post-40274","post","type-post","status-publish","format-standard","has-post-thumbnail","hentry","category-general","category-musica-internacional","have-post-thumb"],"_links":{"self":[{"href":"https:\/\/www.evafm.net\/sitio\/wp-json\/wp\/v2\/posts\/40274","targetHints":{"allow":["GET"]}}],"collection":[{"href":"https:\/\/www.evafm.net\/sitio\/wp-json\/wp\/v2\/posts"}],"about":[{"href":"https:\/\/www.evafm.net\/sitio\/wp-json\/wp\/v2\/types\/post"}],"author":[{"embeddable":true,"href":"https:\/\/www.evafm.net\/sitio\/wp-json\/wp\/v2\/users\/5"}],"replies":[{"embeddable":true,"href":"https:\/\/www.evafm.net\/sitio\/wp-json\/wp\/v2\/comments?post=40274"}],"version-history":[{"count":1,"href":"https:\/\/www.evafm.net\/sitio\/wp-json\/wp\/v2\/posts\/40274\/revisions"}],"predecessor-version":[{"id":40277,"href":"https:\/\/www.evafm.net\/sitio\/wp-json\/wp\/v2\/posts\/40274\/revisions\/40277"}],"wp:featuredmedia":[{"embeddable":true,"href":"https:\/\/www.evafm.net\/sitio\/wp-json\/wp\/v2\/media\/40275"}],"wp:attachment":[{"href":"https:\/\/www.evafm.net\/sitio\/wp-json\/wp\/v2\/media?parent=40274"}],"wp:term":[{"taxonomy":"category","embeddable":true,"href":"https:\/\/www.evafm.net\/sitio\/wp-json\/wp\/v2\/categories?post=40274"},{"taxonomy":"post_tag","embeddable":true,"href":"https:\/\/www.evafm.net\/sitio\/wp-json\/wp\/v2\/tags?post=40274"}],"curies":[{"name":"wp","href":"https:\/\/api.w.org\/{rel}","templated":true}]}}