{"id":40285,"date":"2018-10-13T14:49:15","date_gmt":"2018-10-13T19:49:15","guid":{"rendered":"http:\/\/www.evafm.net\/sitio\/?p=40285"},"modified":"2018-10-13T14:49:15","modified_gmt":"2018-10-13T19:49:15","slug":"katy-perry-dejara-la-musica-para-concentrarse-en-su-lado-espiritual","status":"publish","type":"post","link":"https:\/\/www.evafm.net\/sitio\/katy-perry-dejara-la-musica-para-concentrarse-en-su-lado-espiritual\/","title":{"rendered":"Katy Perry dejar\u00e1 la m\u00fasica para concentrarse en su lado espiritual"},"content":{"rendered":"<div class=\"row pb-content-type-text\">\n<div class=\"col-xs-12 col-print-12\">\n<p class=\"element element-paragraph\"><strong>Katy Perry anunci\u00f3 que se tomar\u00e1 un receso de la m\u00fasica<\/strong>\u00a0para concentrarse en otros aspectos de su vida, incluyendo su romance con Orlando Bloom, su salud mental y su propia l\u00ednea de zapatos.<\/p>\n<\/div>\n<\/div>\n<div class=\"row pb-content-type-text\">\n<div class=\"col-xs-12 col-print-12\">\n<p class=\"element element-paragraph\"><strong>\u00abMi novio es un gran apoyo\u00bb<\/strong>, declar\u00f3 la cantante durante una entrevista con\u00a0<em>Footwear News<\/em>\u00a0publicada en lunes y a\u00f1adi\u00f3:\u00a0<strong>\u00ab<\/strong>Por alguna raz\u00f3n,<strong>\u00a0atraigo a personas que son verdaderamente reales y que me bajan a tierra cuando ven que estoy\u00a0un poco loca\u00bb.<\/strong><\/p>\n<div class=\"row pb-content-type-text\">\n<div class=\"col-xs-12 col-print-12\">\n<p class=\"element element-paragraph\"><strong>Perry y Bloom debutaron en la alfombra<\/strong>\u00a0roja de la gala de\u00a0<em>Global Ocean<\/em>\u00a0en Monte Carlo a fines de septiembre, aunque en un principio estuvieron reticentes a confirmar su relaci\u00f3n que ha tenido sus ideas y venidas.<\/p>\n<\/div>\n<\/div>\n<div class=\"row pb-content-type-text\">\n<div id=\"\" class=\"wrapper clearfix pb-feature pb-layout-item pb-f-ads-dfp left-align\">\n<div id=\"inline\" class=\"ad-slot\">\n<div id=\"inline_ad\">\n<div id=\"google_ads_iframe_\/1058609\/america\/entretenimiento\/nota\/inline_0__container__\">Despu\u00e9s de un a\u00f1o de trabajo espiritual y emocional, la int\u00e9rprete revel\u00f3 que est\u00e1\u00a0<strong>necesitando alejarse de la m\u00fasica para enfocarse de lleno en su salud mental.<\/strong><\/div>\n<\/div>\n<\/div>\n<\/div>\n<\/div>\n<div class=\"row pb-content-type-text\">\n<div class=\"col-xs-12 col-print-12\">\n<p class=\"element element-paragraph\">\u00ab<strong>Estoy de gira desde hace como 10 a\u00f1os, as\u00ed que ahora voy a descansar.<\/strong><\/p>\n<p class=\"element element-paragraph\">No voy a meterme derecho en crear otro disco\u00bb, dijo Perry.<\/p>\n<p class=\"element element-paragraph\">Estoy\u00a0<strong>intentado encontrar el equilibrio para\u00a0no excederme e intentando mantener los pies sobre la tierra\u00bb.<\/strong><\/p>\n<p>Perry enfocar\u00e1 su lado creativo en su marca de zapatos,\u00a0<em>Katy Perry Collections<\/em>, los cuales describe como zapatos \u00abllenos de personalidad\u00bb y \u00abaccesibles\u00bb.<\/p>\n<p>\u00abTrato de ponerles adornos a los tacones\u00a0porque quiero\u00a0que cuenten una historia y sean un disparador de conversaciones a trav\u00e9s de los pies\u00bb, dijo comparando el dise\u00f1o de zapatos con cantar. \u00abCon la m\u00fasica pasa lo mismo.\u00a0<strong>Mi esperanza es que la gente hable de las canciones<\/strong>\u00ab.<\/p>\n<p>&nbsp;<\/p>\n<p>https:\/\/www.instagram.com\/p\/BmTcciAh2LQ\/?utm_source=ig_web_copy_link<\/p>\n<div class=\"row pb-content-type-image\">\n<figure class=\"element element-image col-xs-12\">\n<div class=\"single-image\">\n<div class=\"shares\">\n<div class=\"share-button facebook\"><\/div>\n<\/div>\n<p><img decoding=\"async\" id=\"4KMPYFMVL5DXLKABKCYOK346YQ\" class=\"image-lazy\" src=\"https:\/\/www.infobae.com\/new-resizer\/cf6GO-F58v9UcIiMTUDvSfOUWPA=\/600x0\/filters:quality(100)\/s3.amazonaws.com\/arc-wordpress-client-uploads\/infobae-wp\/wp-content\/uploads\/2018\/07\/02154507\/06-katy-perry.jpg\" alt=\"Katy Perry confes\u00f3 que sufri\u00f3 de depresi\u00f3n por el fracaso de su disco, Witness\" width=\"750\" height=\"900.0\" \/><\/div>\n<\/figure>\n<div>Katy Perry confes\u00f3 que sufri\u00f3 de depresi\u00f3n por el fracaso de su disco, Witness.<\/div>\n<\/div>\n<\/div>\n<\/div>\n<\/div>\n<\/div>\n<div><\/div>\n<div>\n<div class=\"single-image\">\n<div class=\"shares\">\n<div class=\"share-button facebook\"><\/div>\n<\/div>\n<p><img decoding=\"async\" id=\"JFW4G67OM5HMTFI5ADDKZJVGZE\" class=\"image-lazy\" src=\"https:\/\/www.infobae.com\/new-resizer\/xXedc8ZYmwJ2PVu_9-SdcIDJ3h4=\/600x0\/filters:quality(100)\/s3.amazonaws.com\/arc-wordpress-client-uploads\/infobae-wp\/wp-content\/uploads\/2018\/04\/29155742\/Katy-Perry-y-Orlando-Bloom-visitan-al-Papa-Francisco-2.jpg\" alt=\"Katy Perry y Orlando Bloom visitaron juntos al Papa\" width=\"750\" height=\"422.265625\" \/><\/div>\n<p><span class=\"credit\">Katy Perry y Orlando Bloom visitaron juntos al Papa.<\/span><\/div>\n<div><\/div>\n<div>Fuente: infobae.com &#8211; instagram.com<\/div>\n<div><\/div>\n<div class=\"gsp_post_data\" \r\n\t            data-post_type=\"post\" \r\n\t            data-cat=\"farandula-internacional\" \r\n\t            data-modified=\"120\"\r\n\t            data-created=\"1539442155\"\r\n\t            data-title=\"Katy Perry dejar\u00e1 la m\u00fasica para concentrarse en su lado espiritual\" \r\n\t            data-home=\"https:\/\/www.evafm.net\/sitio\"><\/div>","protected":false},"excerpt":{"rendered":"<p>Katy Perry anunci\u00f3 que se tomar\u00e1 un receso de la m\u00fasica\u00a0para concentrarse en otros aspectos de su vida, incluyendo su romance con Orlando Bloom, su salud mental y su propia l\u00ednea de zapatos. \u00abMi novio es un gran apoyo\u00bb, declar\u00f3 la cantante durante una entrevista con\u00a0Footwear News\u00a0publicada en lunes y a\u00f1adi\u00f3:\u00a0\u00abPor alguna raz\u00f3n,\u00a0atraigo a personas&#8230;<\/p>\n","protected":false},"author":5,"featured_media":40287,"comment_status":"closed","ping_status":"open","sticky":false,"template":"","format":"standard","meta":{"_joinchat":[],"footnotes":""},"categories":[1346],"tags":[],"class_list":["post-40285","post","type-post","status-publish","format-standard","has-post-thumbnail","hentry","category-farandula-internacional","have-post-thumb"],"_links":{"self":[{"href":"https:\/\/www.evafm.net\/sitio\/wp-json\/wp\/v2\/posts\/40285","targetHints":{"allow":["GET"]}}],"collection":[{"href":"https:\/\/www.evafm.net\/sitio\/wp-json\/wp\/v2\/posts"}],"about":[{"href":"https:\/\/www.evafm.net\/sitio\/wp-json\/wp\/v2\/types\/post"}],"author":[{"embeddable":true,"href":"https:\/\/www.evafm.net\/sitio\/wp-json\/wp\/v2\/users\/5"}],"replies":[{"embeddable":true,"href":"https:\/\/www.evafm.net\/sitio\/wp-json\/wp\/v2\/comments?post=40285"}],"version-history":[{"count":1,"href":"https:\/\/www.evafm.net\/sitio\/wp-json\/wp\/v2\/posts\/40285\/revisions"}],"predecessor-version":[{"id":40288,"href":"https:\/\/www.evafm.net\/sitio\/wp-json\/wp\/v2\/posts\/40285\/revisions\/40288"}],"wp:featuredmedia":[{"embeddable":true,"href":"https:\/\/www.evafm.net\/sitio\/wp-json\/wp\/v2\/media\/40287"}],"wp:attachment":[{"href":"https:\/\/www.evafm.net\/sitio\/wp-json\/wp\/v2\/media?parent=40285"}],"wp:term":[{"taxonomy":"category","embeddable":true,"href":"https:\/\/www.evafm.net\/sitio\/wp-json\/wp\/v2\/categories?post=40285"},{"taxonomy":"post_tag","embeddable":true,"href":"https:\/\/www.evafm.net\/sitio\/wp-json\/wp\/v2\/tags?post=40285"}],"curies":[{"name":"wp","href":"https:\/\/api.w.org\/{rel}","templated":true}]}}