{"id":40332,"date":"2018-10-14T11:35:00","date_gmt":"2018-10-14T16:35:00","guid":{"rendered":"http:\/\/www.evafm.net\/sitio\/?p=40332"},"modified":"2018-10-14T11:35:00","modified_gmt":"2018-10-14T16:35:00","slug":"holanda-golea-y-deja-mal-parada-a-alemania-en-la-liga-de-naciones","status":"publish","type":"post","link":"https:\/\/www.evafm.net\/sitio\/holanda-golea-y-deja-mal-parada-a-alemania-en-la-liga-de-naciones\/","title":{"rendered":"Holanda golea y deja mal parada a Alemania en la Liga de Naciones"},"content":{"rendered":"<div class=\"location-event\">Amsterdam &#8211;<\/div>\n<p>Alemania y su seleccionador Joachim L\u00f6w est\u00e1n bajo presi\u00f3n tras su dura derrota este s\u00e1bado por 3-0 en \u00c1msterdam contra la Holanda de Ronald Koeman, ocupando la \u00faltima plaza del Grupo 1 de la\u00a0Liga de Naciones de la UEFA\u00a0antes de enfrentarse a Francia el martes.<\/p>\n<p>Los goles holandeses fueron anotados por Virgil Van Dijk (30m), Memphis Depay (86m) y Georginio Wijnaldum (90+3m).<\/p>\n<p>Despu\u00e9s de empatar antes en casa (0-0) contra Francia, Alemania solo cuenta con un punto frente a cuatro de los galos (2 partidos) y tres de Holanda (un encuentro).<\/p>\n<p>El \u00faltimo de cada grupo de la Liga A descender\u00e1 a la Liga B la pr\u00f3xima temporada. (D)<\/p>\n<p>https:\/\/youtu.be\/jbI5rix57MI<\/p>\n<p>Fuente: eluniverso.com<\/p>\n<div class=\"gsp_post_data\" \r\n\t            data-post_type=\"post\" \r\n\t            data-cat=\"deportes-internacionales,general\" \r\n\t            data-modified=\"120\"\r\n\t            data-created=\"1539516900\"\r\n\t            data-title=\"Holanda golea y deja mal parada a Alemania en la Liga de Naciones\" \r\n\t            data-home=\"https:\/\/www.evafm.net\/sitio\"><\/div>","protected":false},"excerpt":{"rendered":"<p>Amsterdam &#8211; Alemania y su seleccionador Joachim L\u00f6w est\u00e1n bajo presi\u00f3n tras su dura derrota este s\u00e1bado por 3-0 en \u00c1msterdam contra la Holanda de Ronald Koeman, ocupando la \u00faltima plaza del Grupo 1 de la\u00a0Liga de Naciones de la UEFA\u00a0antes de enfrentarse a Francia el martes. Los goles holandeses fueron anotados por Virgil Van&#8230;<\/p>\n","protected":false},"author":5,"featured_media":40334,"comment_status":"closed","ping_status":"open","sticky":false,"template":"","format":"standard","meta":{"_joinchat":[],"footnotes":""},"categories":[1342,1720],"tags":[],"class_list":["post-40332","post","type-post","status-publish","format-standard","has-post-thumbnail","hentry","category-deportes-internacionales","category-general","have-post-thumb"],"_links":{"self":[{"href":"https:\/\/www.evafm.net\/sitio\/wp-json\/wp\/v2\/posts\/40332","targetHints":{"allow":["GET"]}}],"collection":[{"href":"https:\/\/www.evafm.net\/sitio\/wp-json\/wp\/v2\/posts"}],"about":[{"href":"https:\/\/www.evafm.net\/sitio\/wp-json\/wp\/v2\/types\/post"}],"author":[{"embeddable":true,"href":"https:\/\/www.evafm.net\/sitio\/wp-json\/wp\/v2\/users\/5"}],"replies":[{"embeddable":true,"href":"https:\/\/www.evafm.net\/sitio\/wp-json\/wp\/v2\/comments?post=40332"}],"version-history":[{"count":1,"href":"https:\/\/www.evafm.net\/sitio\/wp-json\/wp\/v2\/posts\/40332\/revisions"}],"predecessor-version":[{"id":40335,"href":"https:\/\/www.evafm.net\/sitio\/wp-json\/wp\/v2\/posts\/40332\/revisions\/40335"}],"wp:featuredmedia":[{"embeddable":true,"href":"https:\/\/www.evafm.net\/sitio\/wp-json\/wp\/v2\/media\/40334"}],"wp:attachment":[{"href":"https:\/\/www.evafm.net\/sitio\/wp-json\/wp\/v2\/media?parent=40332"}],"wp:term":[{"taxonomy":"category","embeddable":true,"href":"https:\/\/www.evafm.net\/sitio\/wp-json\/wp\/v2\/categories?post=40332"},{"taxonomy":"post_tag","embeddable":true,"href":"https:\/\/www.evafm.net\/sitio\/wp-json\/wp\/v2\/tags?post=40332"}],"curies":[{"name":"wp","href":"https:\/\/api.w.org\/{rel}","templated":true}]}}