{"id":40336,"date":"2018-10-14T11:39:06","date_gmt":"2018-10-14T16:39:06","guid":{"rendered":"http:\/\/www.evafm.net\/sitio\/?p=40336"},"modified":"2018-10-14T11:39:06","modified_gmt":"2018-10-14T16:39:06","slug":"barcelona-sc-vs-emelec-hora-y-canal-de-tv-del-clasico-del-astillero","status":"publish","type":"post","link":"https:\/\/www.evafm.net\/sitio\/barcelona-sc-vs-emelec-hora-y-canal-de-tv-del-clasico-del-astillero\/","title":{"rendered":"Barcelona SC vs. Emelec | Hora y canal de TV del Cl\u00e1sico del Astillero"},"content":{"rendered":"<p>El domingo,\u00a0<strong>Barcelona SC<\/strong>\u00a0y\u00a0<strong>CS Emelec<\/strong>juegan un duelo vital para continuar con vida y en carrera por ganar la segunda etapa y,\u00a0<em>a priori<\/em>, disputar ante Liga de Quito la final del campeonato en diciembre pr\u00f3ximo.<\/p>\n<p>El\u00a0Cl\u00e1sico del Astillero, el \u00faltimo de la temporada 2018, se disputar\u00e1 a partir de las\u00a0<strong>17:00 en el estadio Monumental<\/strong>\u00a0y ser\u00e1\u00a0<strong>transmitido por GolTV<\/strong>,<strong>\u00a0<\/strong>canales 658\/1658 de DirecTV y 211\/743 de TVCable.<\/p>\n<p>En caso de ganar la edici\u00f3n 223 del cl\u00e1sico ecuatoriano, los azules sumar\u00edan 24 puntos y se mantendr\u00edan segundos detr\u00e1s del l\u00edder Macar\u00e1 (25). De lograrlo, el cuadro torero, romper\u00eda una racha de ocho partidos sin vencer y llegar\u00eda a 21 unidades.<\/p>\n<p>Esta temporada, en los cl\u00e1sicos de la primera etapa, Barcelona gan\u00f3 en el Monumental (3-1) y empat\u00f3 en el Capwell (2-2). En la segunda fase, los azules se impusieron (2-0) en su feudo de la avenida Quito. (D)<\/p>\n<p>Fuente: eluniverso.com<\/p>\n<div class=\"gsp_post_data\" \r\n\t            data-post_type=\"post\" \r\n\t            data-cat=\"deportes-ecuador,general\" \r\n\t            data-modified=\"120\"\r\n\t            data-created=\"1539517146\"\r\n\t            data-title=\"Barcelona SC vs. Emelec | Hora y canal de TV del Cl\u00e1sico del Astillero\" \r\n\t            data-home=\"https:\/\/www.evafm.net\/sitio\"><\/div>","protected":false},"excerpt":{"rendered":"<p>El domingo,\u00a0Barcelona SC\u00a0y\u00a0CS Emelecjuegan un duelo vital para continuar con vida y en carrera por ganar la segunda etapa y,\u00a0a priori, disputar ante Liga de Quito la final del campeonato en diciembre pr\u00f3ximo. El\u00a0Cl\u00e1sico del Astillero, el \u00faltimo de la temporada 2018, se disputar\u00e1 a partir de las\u00a017:00 en el estadio Monumental\u00a0y ser\u00e1\u00a0transmitido por GolTV,\u00a0canales&#8230;<\/p>\n","protected":false},"author":5,"featured_media":40337,"comment_status":"closed","ping_status":"open","sticky":false,"template":"","format":"standard","meta":{"_joinchat":[],"footnotes":""},"categories":[1557,1720],"tags":[],"class_list":["post-40336","post","type-post","status-publish","format-standard","has-post-thumbnail","hentry","category-deportes-ecuador","category-general","have-post-thumb"],"_links":{"self":[{"href":"https:\/\/www.evafm.net\/sitio\/wp-json\/wp\/v2\/posts\/40336","targetHints":{"allow":["GET"]}}],"collection":[{"href":"https:\/\/www.evafm.net\/sitio\/wp-json\/wp\/v2\/posts"}],"about":[{"href":"https:\/\/www.evafm.net\/sitio\/wp-json\/wp\/v2\/types\/post"}],"author":[{"embeddable":true,"href":"https:\/\/www.evafm.net\/sitio\/wp-json\/wp\/v2\/users\/5"}],"replies":[{"embeddable":true,"href":"https:\/\/www.evafm.net\/sitio\/wp-json\/wp\/v2\/comments?post=40336"}],"version-history":[{"count":1,"href":"https:\/\/www.evafm.net\/sitio\/wp-json\/wp\/v2\/posts\/40336\/revisions"}],"predecessor-version":[{"id":40338,"href":"https:\/\/www.evafm.net\/sitio\/wp-json\/wp\/v2\/posts\/40336\/revisions\/40338"}],"wp:featuredmedia":[{"embeddable":true,"href":"https:\/\/www.evafm.net\/sitio\/wp-json\/wp\/v2\/media\/40337"}],"wp:attachment":[{"href":"https:\/\/www.evafm.net\/sitio\/wp-json\/wp\/v2\/media?parent=40336"}],"wp:term":[{"taxonomy":"category","embeddable":true,"href":"https:\/\/www.evafm.net\/sitio\/wp-json\/wp\/v2\/categories?post=40336"},{"taxonomy":"post_tag","embeddable":true,"href":"https:\/\/www.evafm.net\/sitio\/wp-json\/wp\/v2\/tags?post=40336"}],"curies":[{"name":"wp","href":"https:\/\/api.w.org\/{rel}","templated":true}]}}