{"id":40350,"date":"2018-10-15T09:41:26","date_gmt":"2018-10-15T14:41:26","guid":{"rendered":"http:\/\/www.evafm.net\/sitio\/?p=40350"},"modified":"2018-10-15T09:41:26","modified_gmt":"2018-10-15T14:41:26","slug":"ricardo-patino-visito-54-paises-en-su-gestion-como-canciller","status":"publish","type":"post","link":"https:\/\/www.evafm.net\/sitio\/ricardo-patino-visito-54-paises-en-su-gestion-como-canciller\/","title":{"rendered":"Ricardo Pati\u00f1o visit\u00f3 54 pa\u00edses en su gesti\u00f3n como canciller"},"content":{"rendered":"<div class=\"location-event\">Quito &#8211;<\/div>\n<p>Ricardo Pati\u00f1o\u00a0abord\u00f3 los aviones presidenciales m\u00e1s que el propio presidente de la Rep\u00fablica.<\/p>\n<p>Seg\u00fan los registros de la Direcci\u00f3n de Aviaci\u00f3n Civil (DAC) y el Grupo de Transporte A\u00e9reo Especial (GTAE), el excanciller encabez\u00f3 70 viajes en esas aeronaves, entre enero del 2011 y mayo del 2017, la misma cantidad que el entonces presidente Rafael Correa.<\/p>\n<p>Pero, adem\u00e1s, Pati\u00f1o fue el ministro que m\u00e1s acompa\u00f1\u00f3 a Correa en los viajes internacionales que \u00e9l encabez\u00f3.<\/p>\n<p>Seg\u00fan los decretos ejecutivos, el exmandatario conform\u00f3 71 comitivas al exterior en ese mismo periodo. Pati\u00f1o particip\u00f3 en 61, un n\u00famero alto si se considera que el segundo ministro que m\u00e1s acompa\u00f1\u00f3 a Correa fue\u00a0Ren\u00e9 Ram\u00edrez, con 23 viajes.<\/p>\n<p>EL UNIVERSO analiz\u00f3 los registros de la DAC, del GTAE y un listado de las visitas al extranjero que entreg\u00f3 el\u00a0Ministerio de Relaciones Exteriores. Identific\u00f3 173 viajes de Pati\u00f1o en calidad de canciller.<\/p>\n<p>\u00c9l ocup\u00f3 ese cargo entre febrero del 2010 y enero del 2016.<\/p>\n<p>En total visit\u00f3 54 pa\u00edses.<\/p>\n<p>Hubo cuatro meses en los que el exfuncionario pas\u00f3 m\u00e1s tiempo en el exterior que adentro el pa\u00eds.<\/p>\n<p>En octubre del 2011, estuvo 24 d\u00edas en giras internacionales.<\/p>\n<p>Hizo visitas oficiales a Espa\u00f1a, Italia, Suiza, Alemania, Bielorrusia, Azerbaiy\u00e1n y Kazajist\u00e1n.<\/p>\n<p>Luego fue a Washington DC para participar en una audiencia sobre libertad de expresi\u00f3n convocada por la Comisi\u00f3n Interamericana de Derechos Humanos (CIDH), y termin\u00f3 el mes en Per\u00fa.<\/p>\n<p>Asimismo, estuvo 23 d\u00edas fuera del pa\u00eds en junio del 2013, 18 d\u00edas en junio del 2014; y 16 d\u00edas en enero del 2013, seg\u00fan muestran los documentos oficiales consultados.<\/p>\n<p>En un correo electr\u00f3nico enviado por Pati\u00f1o para este reportaje, explic\u00f3 que la pol\u00edtica internacional de Correa prioriz\u00f3 la diversificaci\u00f3n de las relaciones con otros pa\u00edses.<\/p>\n<p>Por eso se tendieron puentes con Corea del Sur, China, Sud\u00e1frica, Rusia, India, as\u00ed como con pa\u00edses de Centroam\u00e9rica, el Caribe y el golfo P\u00e9rsico.<\/p>\n<p>Por esa pol\u00edtica, Pati\u00f1o hizo una visita oficial a Ir\u00e1n en mayo del 2012 y presenci\u00f3 la posesi\u00f3n del presidente Has\u00e1n Rohan\u00ed en agosto del 2013, cuando estaban activas las sanciones internacionales a ese pa\u00eds debido a su programa nuclear.<\/p>\n<p>En la primera cita, Pati\u00f1o logr\u00f3 acuerdos comerciales para reducir aranceles a varios productos ecuatorianos y recibir derivados de petr\u00f3leo iran\u00edes.<\/p>\n<p>Seg\u00fan Pati\u00f1o, esos convenios \u201cfueron boicoteados por las sanciones que unilateral e ilegalmente impusiera el Gobierno de Estados Unidos a dicho pa\u00eds, que finalmente le impidi\u00f3 realizar alg\u00fan tipo de transacci\u00f3n comercial, financiera ni de otra naturaleza con otros estados\u201d.<\/p>\n<p>Esas sanciones quedaron suspendidas en 2015 con la firma de un plan de control, pero el presidente Donald Trump las retom\u00f3 este a\u00f1o.<\/p>\n<p>La integraci\u00f3n regional tambi\u00e9n marc\u00f3 la planificaci\u00f3n de viajes internacionales del excanciller. Uno de los principales objetivos de Pati\u00f1o fue la consolidaci\u00f3n de la Uni\u00f3n de Naciones Suramericanas (Unasur). Entre abril y septiembre del 2010, cuando Ecuador ten\u00eda la Presidencia Pro T\u00e9mpore de esa organizaci\u00f3n, Pati\u00f1o visit\u00f3 siete pa\u00edses miembros para que convaliden su Tratado Constitutivo, pues la ratificaci\u00f3n era requisito para que ese documento entrara en vigencia. Esto ocurri\u00f3 en marzo del 2011.<\/p>\n<p>Su simpat\u00eda con el socialismo venezolano tambi\u00e9n se reflej\u00f3 en sus viajes.\u00a0Venezuela\u00a0fue el pa\u00eds m\u00e1s frecuentado por Pati\u00f1o, con 32 visitas.<\/p>\n<p>\u00c9l se\u00f1ala que hubo \u201ccooperaci\u00f3n mutua, especialmente en el periodo de gobierno del presidente Hugo Ch\u00e1vez, la creaci\u00f3n y consolidaci\u00f3n de Unasur y Celac, al igual que del Alba\u201d.<\/p>\n<p>Cuando\u00a0Ecuador\u00a0dej\u00f3 la Presidencia de la Unasur, en noviembre del 2010, los pa\u00edses miembros aprobaron el Protocolo Adicional al Tratado Constitutivo, que impone sanciones a los pa\u00edses que quebranten los principios democr\u00e1ticos.<\/p>\n<p>Pati\u00f1o fue el encargado de anunciar que esa norma empez\u00f3 a regir en marzo del 2011.<\/p>\n<p>Subray\u00f3 que la entrada en vigencia del Protocolo coincid\u00eda con \u201cel intento de algunos grupos violentistas de derrocar el Gobierno leg\u00edtimo del presidente Nicol\u00e1s Maduro\u201d.<\/p>\n<p>Asimismo, el excanciller viaj\u00f3 a Per\u00fa 20 ocasiones, a Colombia 17, a Estados Unidos en 13 y a Cuba 11.<\/p>\n<p>El nombre de la esposa de Pati\u00f1o, Miriam Alc\u00edvar, aparece como parte de la comisi\u00f3n oficial que lo acompa\u00f1\u00f3 en una visita a Costa Rica el 14 de enero del 2015.<\/p>\n<p>Est\u00e1 en el informe de ese viaje que present\u00f3 una exfuncionaria de Canciller\u00eda.<\/p>\n<p>El documento est\u00e1 disponible en la web de ese Ministerio. No obstante, dicho informe est\u00e1 duplicado en el archivo digital.<\/p>\n<p>En el segundo, el nombre de Alc\u00edvar ya no aparece.<\/p>\n<p>EL UNIVERSO consult\u00f3 a Pati\u00f1o si su esposa lo acompa\u00f1aba en los viajes oficiales. Contest\u00f3 con una palabra: excepcionalmente.\u00a0<strong>(I)<\/strong><\/p>\n<p>Fuente: eluniverso.com<\/p>\n<div class=\"gsp_post_data\" \r\n\t            data-post_type=\"post\" \r\n\t            data-cat=\"noticias-ecuador\" \r\n\t            data-modified=\"120\"\r\n\t            data-created=\"1539596486\"\r\n\t            data-title=\"Ricardo Pati\u00f1o visit\u00f3 54 pa\u00edses en su gesti\u00f3n como canciller\" \r\n\t            data-home=\"https:\/\/www.evafm.net\/sitio\"><\/div>","protected":false},"excerpt":{"rendered":"<p>Quito &#8211; Ricardo Pati\u00f1o\u00a0abord\u00f3 los aviones presidenciales m\u00e1s que el propio presidente de la Rep\u00fablica. Seg\u00fan los registros de la Direcci\u00f3n de Aviaci\u00f3n Civil (DAC) y el Grupo de Transporte A\u00e9reo Especial (GTAE), el excanciller encabez\u00f3 70 viajes en esas aeronaves, entre enero del 2011 y mayo del 2017, la misma cantidad que el entonces&#8230;<\/p>\n","protected":false},"author":5,"featured_media":40351,"comment_status":"closed","ping_status":"open","sticky":false,"template":"","format":"standard","meta":{"_joinchat":[],"footnotes":""},"categories":[1558],"tags":[],"class_list":["post-40350","post","type-post","status-publish","format-standard","has-post-thumbnail","hentry","category-noticias-ecuador","have-post-thumb"],"_links":{"self":[{"href":"https:\/\/www.evafm.net\/sitio\/wp-json\/wp\/v2\/posts\/40350","targetHints":{"allow":["GET"]}}],"collection":[{"href":"https:\/\/www.evafm.net\/sitio\/wp-json\/wp\/v2\/posts"}],"about":[{"href":"https:\/\/www.evafm.net\/sitio\/wp-json\/wp\/v2\/types\/post"}],"author":[{"embeddable":true,"href":"https:\/\/www.evafm.net\/sitio\/wp-json\/wp\/v2\/users\/5"}],"replies":[{"embeddable":true,"href":"https:\/\/www.evafm.net\/sitio\/wp-json\/wp\/v2\/comments?post=40350"}],"version-history":[{"count":1,"href":"https:\/\/www.evafm.net\/sitio\/wp-json\/wp\/v2\/posts\/40350\/revisions"}],"predecessor-version":[{"id":40352,"href":"https:\/\/www.evafm.net\/sitio\/wp-json\/wp\/v2\/posts\/40350\/revisions\/40352"}],"wp:featuredmedia":[{"embeddable":true,"href":"https:\/\/www.evafm.net\/sitio\/wp-json\/wp\/v2\/media\/40351"}],"wp:attachment":[{"href":"https:\/\/www.evafm.net\/sitio\/wp-json\/wp\/v2\/media?parent=40350"}],"wp:term":[{"taxonomy":"category","embeddable":true,"href":"https:\/\/www.evafm.net\/sitio\/wp-json\/wp\/v2\/categories?post=40350"},{"taxonomy":"post_tag","embeddable":true,"href":"https:\/\/www.evafm.net\/sitio\/wp-json\/wp\/v2\/tags?post=40350"}],"curies":[{"name":"wp","href":"https:\/\/api.w.org\/{rel}","templated":true}]}}