{"id":40353,"date":"2018-10-15T09:50:52","date_gmt":"2018-10-15T14:50:52","guid":{"rendered":"http:\/\/www.evafm.net\/sitio\/?p=40353"},"modified":"2018-10-15T09:50:52","modified_gmt":"2018-10-15T14:50:52","slug":"sebastian-pinera-considera-visitar-venezuela","status":"publish","type":"post","link":"https:\/\/www.evafm.net\/sitio\/sebastian-pinera-considera-visitar-venezuela\/","title":{"rendered":"Sebasti\u00e1n Pi\u00f1era considera visitar Venezuela"},"content":{"rendered":"<div class=\"row pb-content-type-text\">\n<div class=\"col-xs-12 col-print-12\">\n<p class=\"element element-paragraph\">El presidente chileno, Sebasti\u00e1n Pi\u00f1era, admiti\u00f3 que le gustar\u00eda visitar Venezuela para buscar salidas a la crisis pol\u00edtica y econ\u00f3mica que afecta a la naci\u00f3n caribe\u00f1a, dijo en una entrevista publicada este lunes por el diario local\u00a0<em>La Tercera<\/em>.<\/p>\n<\/div>\n<\/div>\n<div class=\"row pb-content-type-text\">\n<div class=\"col-xs-12 col-print-12\">\n<p class=\"element element-paragraph\">El mandatario conservador asegur\u00f3 que la situaci\u00f3n por la que atraviesa Venezuela debe convocar a los pa\u00edses de la regi\u00f3n a\u00a0<strong>generar nuevas instancias para encontrar una soluci\u00f3n<\/strong>.<\/p>\n<\/div>\n<\/div>\n<div class=\"row pb-content-type-text\">\n<div class=\"col-xs-12 col-print-12\">\n<p class=\"element element-paragraph\">\u00ab<strong>Si una visita m\u00eda fuera \u00fatil para ayudar al pueblo venezolano a recuperar su libertad y democracia, la har\u00eda sin duda<\/strong>\u00ab, dijo Pi\u00f1era.<\/p>\n<\/div>\n<\/div>\n<div class=\"row pb-content-type-text\">\n<div class=\"col-xs-12 col-print-12\">\n<p class=\"element element-paragraph\">Agreg\u00f3 que esa posibilidad \u00abest\u00e1 en estudio\u00bb y que lo quieren \u00ab<strong>conversar dentro del marco del Grupo de Lima<\/strong>\u00ab.<\/p>\n<div class=\"row pb-content-type-text\">\n<div class=\"col-xs-12 col-print-12\">\n<p class=\"element element-paragraph\">El bloque regional, que integra una docena de pa\u00edses de Am\u00e9rica, ha impulsado una serie de medidas tras las elecciones fraudulentas en que Nicol\u00e1s Maduro fue reelegido mandatario de la naci\u00f3n petrolera.<\/p>\n<\/div>\n<\/div>\n<div class=\"row pb-content-type-text\">\n<div class=\"col-xs-12 col-print-12\">\n<p class=\"element element-paragraph\">Pi\u00f1era reafirm\u00f3 su compromiso de ejercer todas las acciones que permitan recuperar el estado de derecho en el pa\u00eds, pero\u00a0<strong>enfatiz\u00f3 que la alternativa \u00abmilitar es una mala opci\u00f3n para ayudar a Venezuela\u00bb<\/strong>.<\/p>\n<\/div>\n<\/div>\n<div class=\"row pb-content-type-text\">\n<div class=\"col-xs-12 col-print-12\">\n<p class=\"element element-paragraph\">Algunos de los pa\u00edses del Grupo de Lima, incluido el gobierno chileno, solicitaron el mes pasado, en el marco de la Asamblea de Naciones Unidas, que la\u00a0<strong>Corte Penal Internacional<\/strong><strong>investigue los abusos del r\u00e9gimen venezolano a los derechos humanos<\/strong>\u00a0por el uso de la fuerza para reprimir a la oposici\u00f3n.<\/p>\n<div class=\"row pb-content-type-text\">\n<div class=\"col-xs-12 col-print-12\">\n<p class=\"element element-paragraph\">El mandatario chileno agreg\u00f3 que la crisis de Venezuela fue un tema recurrente en su reciente gira por Europa. En ese marco,\u00a0<strong>Pi\u00f1era record\u00f3 que en su reuni\u00f3n con el Papa Francisco, en el Vaticano, tambi\u00e9n se abord\u00f3 esta materia<\/strong>.<\/p>\n<\/div>\n<\/div>\n<div class=\"row pb-content-type-text\">\n<div class=\"col-xs-12 col-print-12\">\n<p class=\"element element-paragraph\">\u00abCoincidimos plenamente con el Papa en la importancia de hacer\u00a0<strong>todo lo que est\u00e9 a nuestro alcance para que el pueblo venezolano pueda recuperar su libertad<\/strong>\u00ab, dijo el mandatario.<\/p>\n<div id=\"\" class=\"wrapper clearfix pb-feature pb-layout-item pb-f-ads-dfp left-align\">\n<div id=\"inline\" class=\"ad-slot\">\n<div id=\"inline_ad\">\n<div id=\"google_ads_iframe_\/1058609\/america\/venezuela\/nota\/inline_0__container__\"><\/div>\n<\/div>\n<\/div>\n<\/div>\n<figure class=\"element element-image col-xs-12\">\n<div class=\"single-image\">\n<div class=\"shares\">\n<div class=\"share-button facebook\"><\/div>\n<\/div>\n<p><img decoding=\"async\" id=\"S6HCA2GLBZH27D7P74UNKAHUKU\" class=\"image-lazy\" src=\"https:\/\/www.infobae.com\/new-resizer\/KzT0VG1Pawt-weIOUtRigR51ZZ8=\/600x0\/filters:quality(100)\/s3.amazonaws.com\/arc-wordpress-client-uploads\/infobae-wp\/wp-content\/uploads\/2017\/10\/26182122\/Grupo-de-Lima-Venezuela-01.jpg\" alt=\"Los 12 cancilleres del grupo Lima\" width=\"750\" height=\"422.32142857142856\" \/><\/div><figcaption class=\"\"><span class=\"credit\"><span class=\"credit\">Los 12 cancilleres del grupo Lima.<\/p>\n<p><\/span><\/span><\/p>\n<div class=\"single-image\">\n<div class=\"shares\">\n<div class=\"share-button facebook\"><\/div>\n<\/div>\n<p><img decoding=\"async\" id=\"SVTL5D3HBNDDFJ5VFOTNG3SOZY\" class=\"image-lazy\" src=\"https:\/\/www.infobae.com\/new-resizer\/Qr3zRX4LcKGd_9MYmkiI4LOksLg=\/600x0\/filters:quality(100)\/s3.amazonaws.com\/arc-wordpress-client-uploads\/infobae-wp\/wp-content\/uploads\/2017\/05\/30075059\/represion-venezuela-SF-4.jpg\" alt=\"Represi\u00f3n en Venezuela (Reuters)\" width=\"750\" height=\"500.0\" \/><\/div>\n<\/figcaption><figcaption class=\"\"><span class=\"credit\">Represi\u00f3n en Venezuela (Reuters)<\/span><\/figcaption><figcaption class=\"\"><span class=\"credit\">\u00a0<\/span><\/figcaption><\/figure>\n<\/div>\n<\/div>\n<div class=\"row pb-content-type-text\">\n<div class=\"col-xs-12 col-print-12\">\n<p class=\"element element-paragraph\"><em>(Con informaci\u00f3n de Reuters)<\/em><\/p>\n<p>Fuente: infobae.com<\/p>\n<\/div>\n<\/div>\n<\/div>\n<\/div>\n<\/div>\n<\/div>\n<div class=\"gsp_post_data\" \r\n\t            data-post_type=\"post\" \r\n\t            data-cat=\"general,noticias-internacionales\" \r\n\t            data-modified=\"120\"\r\n\t            data-created=\"1539597052\"\r\n\t            data-title=\"Sebasti\u00e1n Pi\u00f1era considera visitar Venezuela\" \r\n\t            data-home=\"https:\/\/www.evafm.net\/sitio\"><\/div>","protected":false},"excerpt":{"rendered":"<p>El presidente chileno, Sebasti\u00e1n Pi\u00f1era, admiti\u00f3 que le gustar\u00eda visitar Venezuela para buscar salidas a la crisis pol\u00edtica y econ\u00f3mica que afecta a la naci\u00f3n caribe\u00f1a, dijo en una entrevista publicada este lunes por el diario local\u00a0La Tercera. El mandatario conservador asegur\u00f3 que la situaci\u00f3n por la que atraviesa Venezuela debe convocar a los pa\u00edses&#8230;<\/p>\n","protected":false},"author":5,"featured_media":40354,"comment_status":"closed","ping_status":"open","sticky":false,"template":"","format":"standard","meta":{"_joinchat":[],"footnotes":""},"categories":[1720,1345],"tags":[],"class_list":["post-40353","post","type-post","status-publish","format-standard","has-post-thumbnail","hentry","category-general","category-noticias-internacionales","have-post-thumb"],"_links":{"self":[{"href":"https:\/\/www.evafm.net\/sitio\/wp-json\/wp\/v2\/posts\/40353","targetHints":{"allow":["GET"]}}],"collection":[{"href":"https:\/\/www.evafm.net\/sitio\/wp-json\/wp\/v2\/posts"}],"about":[{"href":"https:\/\/www.evafm.net\/sitio\/wp-json\/wp\/v2\/types\/post"}],"author":[{"embeddable":true,"href":"https:\/\/www.evafm.net\/sitio\/wp-json\/wp\/v2\/users\/5"}],"replies":[{"embeddable":true,"href":"https:\/\/www.evafm.net\/sitio\/wp-json\/wp\/v2\/comments?post=40353"}],"version-history":[{"count":1,"href":"https:\/\/www.evafm.net\/sitio\/wp-json\/wp\/v2\/posts\/40353\/revisions"}],"predecessor-version":[{"id":40355,"href":"https:\/\/www.evafm.net\/sitio\/wp-json\/wp\/v2\/posts\/40353\/revisions\/40355"}],"wp:featuredmedia":[{"embeddable":true,"href":"https:\/\/www.evafm.net\/sitio\/wp-json\/wp\/v2\/media\/40354"}],"wp:attachment":[{"href":"https:\/\/www.evafm.net\/sitio\/wp-json\/wp\/v2\/media?parent=40353"}],"wp:term":[{"taxonomy":"category","embeddable":true,"href":"https:\/\/www.evafm.net\/sitio\/wp-json\/wp\/v2\/categories?post=40353"},{"taxonomy":"post_tag","embeddable":true,"href":"https:\/\/www.evafm.net\/sitio\/wp-json\/wp\/v2\/tags?post=40353"}],"curies":[{"name":"wp","href":"https:\/\/api.w.org\/{rel}","templated":true}]}}