{"id":40356,"date":"2018-10-15T09:59:24","date_gmt":"2018-10-15T14:59:24","guid":{"rendered":"http:\/\/www.evafm.net\/sitio\/?p=40356"},"modified":"2018-10-15T09:59:24","modified_gmt":"2018-10-15T14:59:24","slug":"llegan-a-135-los-muertos-por-ebola-en-el-congo","status":"publish","type":"post","link":"https:\/\/www.evafm.net\/sitio\/llegan-a-135-los-muertos-por-ebola-en-el-congo\/","title":{"rendered":"Llegan a 135 los muertos por \u00e9bola en el Congo"},"content":{"rendered":"<div class=\"row pb-content-type-text\">\n<div class=\"col-xs-12 col-print-12\">\n<p class=\"element element-paragraph\">Las muertes probables por\u00a0<strong>\u00e9bola<\/strong>\u00a0en el noreste de la\u00a0<strong>Rep\u00fablica Democr\u00e1tica del Congo (RDC)<\/strong>\u00a0ascienden ya a 135, despu\u00e9s de que este s\u00e1bado murieran cinco personas, seg\u00fan los \u00faltimos datos divulgados anoche por el\u00a0<strong>Ministerio de Sanidad congole\u00f1o<\/strong>.<\/p>\n<\/div>\n<\/div>\n<div class=\"row pb-content-type-text\">\n<div class=\"col-xs-12 col-print-12\">\n<p class=\"element element-paragraph\">Del total de fallecidos,\u00a0<strong>100 han dado positivo en el laboratorio<\/strong>, mientras que el n\u00famero total de contagios alcanza los 211, 176 de ellos confirmados y 35 probables, a fecha de 13 de octubre.<\/p>\n<\/div>\n<\/div>\n<div class=\"row pb-content-type-text\">\n<div class=\"col-xs-12 col-print-12\">\n<p class=\"element element-paragraph\">Dos meses y medio despu\u00e9s de que se declarara esta\u00a0<strong>nueva epidemia<\/strong>\u00a0en las regiones orientales de\u00a0<strong>Kivu del Norte e Ituri<\/strong>, el brote, lejos de remitir, dio inicio este s\u00e1bado a una\u00a0<strong>segunda oleada \u00abde alto riesgo\u00bb en la<\/strong>\u00a0<strong>ciudad de Beni<\/strong>.<\/p>\n<\/div>\n<\/div>\n<div class=\"row pb-content-type-text\">\n<div class=\"col-xs-12 col-print-12\">\n<p class=\"element element-paragraph\">\u00abLa epidemia en Beni es de alto riesgo y la situaci\u00f3n es preocupante\u00bb, inform\u00f3 entonces el ministro de Sanidad, Oly Ilunga, quien asegur\u00f3: \u00abtodav\u00eda no sabemos la escala de la misma, (pero)\u00a0<strong>el epicentro que estaba en Mangina ahora est\u00e1 en Beni<\/strong>\u00ab.<\/p>\n<div class=\"row pb-content-type-text\">\n<div class=\"col-xs-12 col-print-12\">\n<p class=\"element element-paragraph\">Aunque entre ambas ciudades tan solo distan unos 20 kil\u00f3metros, la mayor\u00a0<strong>cercan\u00eda de Beni con Uganda<\/strong>\u00a0aumenta el riesgo de propagaci\u00f3n a pa\u00edses vecinos, as\u00ed como la\u00a0<strong>presencia de grupos armados y la espiral de violencia<\/strong>\u00a0que asola Kivu del Norte.<\/p>\n<\/div>\n<\/div>\n<div class=\"row pb-content-type-text\">\n<div class=\"col-xs-12 col-print-12\">\n<p class=\"element element-paragraph\">El ministro se\u00f1al\u00f3 entre los factores responsables de esta segunda oleada el\u00a0<strong>rechazo social existente hacia el \u00e9bola, la inseguridad imperante en la zona<\/strong>\u00a0-lo que provoca el movimiento continuo de desplazados- y la\u00a0<strong>mayor confianza en curanderos que en los trabajadores humanitarios<\/strong>.<\/p>\n<\/div>\n<\/div>\n<div class=\"row pb-content-type-text\">\n<div class=\"col-xs-12 col-print-12\">\n<p class=\"element element-paragraph\">\u00abSeguimos viendo casos de gente que\u00a0<strong>primero acuden a curanderos que combinan la medicina moderna y la tradicional, y tardan en ir a los centros de tratamiento<\/strong>, lo que hace m\u00e1s dif\u00edcil salvarles la vida\u00bb, explic\u00f3 este viernes el portavoz de la Organizaci\u00f3n Mundial de la Salud (OMS), Tarik Jasarevic.<\/p>\n<div class=\"row pb-content-type-text\">\n<div class=\"col-xs-12 col-print-12\">\n<p class=\"element element-paragraph\">Entidades como\u00a0<strong>Unicef<\/strong>\u00a0han concentrado sus esfuerzos en esferas cruciales como escuelas, donde tanto profesores como alumnos aprenden a identificar los\u00a0<strong>s\u00edntomas del \u00e9bola<\/strong>\u00a0y a\u00a0<strong>lavarse con regularidad las manos<\/strong>, h\u00e1bito que despu\u00e9s ense\u00f1an en sus hogares.<\/p>\n<\/div>\n<\/div>\n<div class=\"row pb-content-type-text\">\n<div class=\"col-xs-12 col-print-12\">\n<p class=\"element element-paragraph\">Incluso, varios equipos de sensibilizaci\u00f3n -en un intento por mermar el rechazo de los l\u00edderes tradicionales- cuentan entre sus filas con\u00a0<strong>supervivientes del \u00e9bola<\/strong>, quienes demuestran que se puede superar esta\u00a0<strong>enfermedad<\/strong>\u00a0si se es tratado a tiempo.<\/p>\n<div class=\"row pb-content-type-text\">\n<div class=\"col-xs-12 col-print-12\">\n<p class=\"element element-paragraph\">La<strong>\u00a0peor epidemia conocida en el mundo<\/strong>\u00a0se declar\u00f3 en marzo de 2014, con primeros casos que se remontan a diciembre de 2013 en\u00a0<strong>Guinea Conakri<\/strong>, desde donde se expandi\u00f3 intensamente a<strong>\u00a0Sierra Leona y Liberia.<\/strong><\/p>\n<\/div>\n<\/div>\n<div class=\"row pb-content-type-text\">\n<div class=\"col-xs-12 col-print-12\">\n<p class=\"element element-paragraph\">La<strong>\u00a0OMS<\/strong>\u00a0marc\u00f3 el fin de ese brote en enero de 2016, despu\u00e9s de registrarse 11.300 muertes y m\u00e1s de 28.500 contagios, aunque la agencia de la ONU cree que estas cifras podr\u00edan ser conservadoras.<\/p>\n<\/div>\n<\/div>\n<div class=\"row pb-content-type-text\">\n<div class=\"col-xs-12 col-print-12\">\n<p class=\"element element-paragraph\"><em>Con informaci\u00f3n de EFE<\/em><\/p>\n<div class=\"single-image\">\n<div class=\"shares\">\n<div class=\"share-button facebook\"><\/div>\n<\/div>\n<p><img decoding=\"async\" id=\"65L7ZUS6IFAC7C7CPYYABBWRPM\" class=\"image-lazy\" src=\"https:\/\/www.infobae.com\/new-resizer\/CnnPCReAH_1Gj0oFQE266prmiPM=\/600x0\/filters:quality(100)\/s3.amazonaws.com\/arc-wordpress-client-uploads\/infobae-wp\/wp-content\/uploads\/2018\/09\/08195635\/El-brote-de-ebola-en-el-Congo-suma-ya-58-muertos-de-98-casos-confirmados-2.jpg\" alt=\"Equipo de trabajadores m\u00e9dicos poni\u00e9ndose su Equipo de Protecci\u00f3n Personal (EPP) antes de ingresar a un centro de tratamiento del \u00e9bola (AFP PHOTO \/ John WESSELS)\" width=\"750\" height=\"421.875\" \/><\/div>\n<p><span class=\"credit\">Equipo de trabajadores m\u00e9dicos poni\u00e9ndose su Equipo de Protecci\u00f3n Personal (EPP) antes de ingresar a un centro de tratamiento del \u00e9bola (AFP PHOTO \/ John WESSELS)<\/span><\/p>\n<div class=\"single-image\">\n<div class=\"shares\">\n<div class=\"share-button facebook\"><\/div>\n<\/div>\n<p><img decoding=\"async\" id=\"2DGKYD7E2RA2DLHVXJSGYKMIO4\" class=\"image-lazy\" src=\"https:\/\/www.infobae.com\/new-resizer\/FyEOWsQTjLXSL_7HMCQqUDydCW0=\/600x0\/filters:quality(100)\/s3.amazonaws.com\/arc-wordpress-client-uploads\/infobae-wp\/wp-content\/uploads\/2018\/08\/15081049\/La-OMS-se-preocupo-de-que-el-ebola-pueda-transmitirse-libremente-en-la-Republica-Democratica-del-Congo-10.jpg\" alt=\"A la OMS le preocupa la gran cantidad de desplazados internos a consecuencia de los grupos armados dentro del pa\u00eds (AFP)\" width=\"750\" height=\"421.875\" \/><\/div>\n<p><span class=\"credit\">A la OMS le preocupa la gran cantidad de desplazados internos a consecuencia de los grupos armados dentro del pa\u00eds (AFP)<\/span><\/p>\n<div class=\"single-image\">\n<div class=\"shares\">\n<div class=\"share-button facebook\"><\/div>\n<\/div>\n<p><img decoding=\"async\" id=\"EBEBSWCGZNGD7P64TF4YRRQS3U\" class=\"image-lazy\" src=\"https:\/\/www.infobae.com\/new-resizer\/iD330c0rbcI8ey0DtwHRZllmCAg=\/600x0\/filters:quality(100)\/s3.amazonaws.com\/arc-wordpress-client-uploads\/infobae-wp\/wp-content\/uploads\/2018\/05\/22143045\/Surgen-seis-nuevos-casos-de-ebola-en-el-Congo.jpg\" alt=\"En el Congo han aumentado los casos de \u00e9bola (Getty)\" width=\"750\" height=\"421.875\" \/><\/div>\n<p><span class=\"credit\">En el Congo han aumentado los casos de \u00e9bola (Getty)<\/span><\/p>\n<p>Fuente: infobae.com<\/p>\n<\/div>\n<\/div>\n<\/div>\n<\/div>\n<\/div>\n<\/div>\n<\/div>\n<\/div>\n<div class=\"gsp_post_data\" \r\n\t            data-post_type=\"post\" \r\n\t            data-cat=\"noticias-internacionales\" \r\n\t            data-modified=\"120\"\r\n\t            data-created=\"1539597564\"\r\n\t            data-title=\"Llegan a 135 los muertos por \u00e9bola en el Congo\" \r\n\t            data-home=\"https:\/\/www.evafm.net\/sitio\"><\/div>","protected":false},"excerpt":{"rendered":"<p>Las muertes probables por\u00a0\u00e9bola\u00a0en el noreste de la\u00a0Rep\u00fablica Democr\u00e1tica del Congo (RDC)\u00a0ascienden ya a 135, despu\u00e9s de que este s\u00e1bado murieran cinco personas, seg\u00fan los \u00faltimos datos divulgados anoche por el\u00a0Ministerio de Sanidad congole\u00f1o. Del total de fallecidos,\u00a0100 han dado positivo en el laboratorio, mientras que el n\u00famero total de contagios alcanza los 211, 176&#8230;<\/p>\n","protected":false},"author":5,"featured_media":40357,"comment_status":"closed","ping_status":"open","sticky":false,"template":"","format":"standard","meta":{"_joinchat":[],"footnotes":""},"categories":[1345],"tags":[],"class_list":["post-40356","post","type-post","status-publish","format-standard","has-post-thumbnail","hentry","category-noticias-internacionales","have-post-thumb"],"_links":{"self":[{"href":"https:\/\/www.evafm.net\/sitio\/wp-json\/wp\/v2\/posts\/40356","targetHints":{"allow":["GET"]}}],"collection":[{"href":"https:\/\/www.evafm.net\/sitio\/wp-json\/wp\/v2\/posts"}],"about":[{"href":"https:\/\/www.evafm.net\/sitio\/wp-json\/wp\/v2\/types\/post"}],"author":[{"embeddable":true,"href":"https:\/\/www.evafm.net\/sitio\/wp-json\/wp\/v2\/users\/5"}],"replies":[{"embeddable":true,"href":"https:\/\/www.evafm.net\/sitio\/wp-json\/wp\/v2\/comments?post=40356"}],"version-history":[{"count":1,"href":"https:\/\/www.evafm.net\/sitio\/wp-json\/wp\/v2\/posts\/40356\/revisions"}],"predecessor-version":[{"id":40358,"href":"https:\/\/www.evafm.net\/sitio\/wp-json\/wp\/v2\/posts\/40356\/revisions\/40358"}],"wp:featuredmedia":[{"embeddable":true,"href":"https:\/\/www.evafm.net\/sitio\/wp-json\/wp\/v2\/media\/40357"}],"wp:attachment":[{"href":"https:\/\/www.evafm.net\/sitio\/wp-json\/wp\/v2\/media?parent=40356"}],"wp:term":[{"taxonomy":"category","embeddable":true,"href":"https:\/\/www.evafm.net\/sitio\/wp-json\/wp\/v2\/categories?post=40356"},{"taxonomy":"post_tag","embeddable":true,"href":"https:\/\/www.evafm.net\/sitio\/wp-json\/wp\/v2\/tags?post=40356"}],"curies":[{"name":"wp","href":"https:\/\/api.w.org\/{rel}","templated":true}]}}