{"id":40370,"date":"2018-10-15T11:30:34","date_gmt":"2018-10-15T16:30:34","guid":{"rendered":"http:\/\/www.evafm.net\/sitio\/?p=40370"},"modified":"2018-10-15T11:30:34","modified_gmt":"2018-10-15T16:30:34","slug":"david-bisbal-y-rosanna-zanetti-seran-padres","status":"publish","type":"post","link":"https:\/\/www.evafm.net\/sitio\/david-bisbal-y-rosanna-zanetti-seran-padres\/","title":{"rendered":"David Bisbal y Rosanna Zanetti ser\u00e1n padres"},"content":{"rendered":"<p>\u201cCuando cre\u00edamos que ya no pod\u00edamos ser m\u00e1s felices, llega la sorpresa m\u00e1s bonita que pod\u00edamos recibir. La familia crece\u201d, ha contado\u00a0<b>David Bisbal\u00a0<\/b>a trav\u00e9s de su cuenta de Instagram.<\/p>\n<p>El cantante almeriense y la mujer con la que contrajo matrimonio el pasado julio han querido hacer p\u00fablica su felicidad por el embarazo de\u00a0<b>Rosanna Zanetti<\/b>.<\/p>\n<p>Con dos im\u00e1genes en la cuenta oficial del cantante han dado la buena noticia a todos sus seguidores.\u00a0<b>David Bisbal\u00a0<\/b>ha publicado la primera imagen de su beb\u00e9, en la que se le puede ver todav\u00eda dentro del vientre de su madre a trav\u00e9s de una ecograf\u00eda.<\/p>\n<p><b>Rosana\u00a0<\/b>que ha compartido la misma publicaci\u00f3n que su marido ha querido<b>\u00a0mostrar su abultado vientre<\/b>, pero seg\u00fan se aprecia en la imagen aun se encuentra en un estado temprano de la gestaci\u00f3n.<\/p>\n<p>La pareja de lo m\u00e1s feliz aprovecha cada vez que pueden para disfrutar de la familia y demostrarse el amor que se profesan.<\/p>\n<p>Manteniendo su relaci\u00f3n siempre en un segundo plano, pero compartiendo con sus seguidores las cosas importantes,\u00a0<b>Rosanna\u00a0<\/b>y\u00a0<b>Bisbal\u00a0<\/b>est\u00e1n disfrutando al m\u00e1ximo de esta nueva etapa y es que tras convertirse en pareja de hecho el pasado mes de abril y luego casarse en la intimidad el pasado 2 de julio en la\u00a0<b>sierra de Ayll\u00f3n<\/b>, ahora han decidido dar un paso m\u00e1s en su relaci\u00f3n y aumentar la familia.<\/p>\n<p>A diferencia de otros muchos famosos que usan las revistas de colorines para anunciar los acontecimientos de su vida, el cantante opta por hacerlo con la red social. Instagram fue el canal que utilizaron para confirmar\u00a0<b>su romance en junio de 2016<\/b>, y m\u00e1s tarde para mostrar al gran p\u00fablico las im\u00e1genes de su\u00a0<b>boda sorpresa\u00a0<\/b>celebrada en Segovia el pasado junio. Ahora a la pareja les toca vivir otro dulce momento que tambi\u00e9n han preferido compartir con sus seguidores sin exclusiva de por medio.<\/p>\n<p>En Instagram tambi\u00e9n fue donde<b>\u00a0Elena Tablada\u00a0<\/b>inici\u00f3 la guerra abierta contra el cantante y su mujer por una imagen que Zanetti public\u00f3 con la hija de Bisbal y Tablada,\u00a0<b>Ella<\/b>.<\/p>\n<p>El cantante quiso cerrar la pol\u00e9mica explicando su versi\u00f3n: \u201cEs incierto que tengamos una mala relaci\u00f3n por Rosanna, ella siempre se ha mantenido al margen y ha sido generosa con ella.<\/p>\n<p>La relaci\u00f3n es mala por la personalidad de Elena y por su educaci\u00f3n, por la forma en la que ella se maneja en ciertos aspectos.<\/p>\n<p>Si hemos tenido una mala relaci\u00f3n es porque yo siempre he defendido el no mercadeo con mi hija\u201d.<\/p>\n<p>La modelo venezolana ya hab\u00eda expresado su deseo de ser madre: \u201cNo es un secreto para nadie que<b>\u00a0queremos formar una familia<\/b>, hemos expresado nuestro deseo en varias ocasiones, pero todo a su tiempo, como cada paso que damos en nuestra relaci\u00f3n\u201d.<\/p>\n<p>Esta nueva etapa en la vida de la venezolana llega solo cuatro meses despu\u00e9s de haber celebrado su enlace con el cantante.<\/p>\n<p>https:\/\/www.instagram.com\/p\/Bo7apAUBnyW\/?utm_source=ig_web_copy_link<\/p>\n<p>https:\/\/www.instagram.com\/p\/Bo7dAdRlIE-\/?utm_source=ig_web_copy_link<\/p>\n<p>Fuente: lavanguardia.com<\/p>\n<div class=\"gsp_post_data\" \r\n\t            data-post_type=\"post\" \r\n\t            data-cat=\"farandula-internacional,general\" \r\n\t            data-modified=\"120\"\r\n\t            data-created=\"1539603034\"\r\n\t            data-title=\"David Bisbal y Rosanna Zanetti ser\u00e1n padres\" \r\n\t            data-home=\"https:\/\/www.evafm.net\/sitio\"><\/div>","protected":false},"excerpt":{"rendered":"<p>\u201cCuando cre\u00edamos que ya no pod\u00edamos ser m\u00e1s felices, llega la sorpresa m\u00e1s bonita que pod\u00edamos recibir. La familia crece\u201d, ha contado\u00a0David Bisbal\u00a0a trav\u00e9s de su cuenta de Instagram. El cantante almeriense y la mujer con la que contrajo matrimonio el pasado julio han querido hacer p\u00fablica su felicidad por el embarazo de\u00a0Rosanna Zanetti. Con&#8230;<\/p>\n","protected":false},"author":5,"featured_media":40373,"comment_status":"closed","ping_status":"open","sticky":false,"template":"","format":"standard","meta":{"_joinchat":[],"footnotes":""},"categories":[1346,1720],"tags":[],"class_list":["post-40370","post","type-post","status-publish","format-standard","has-post-thumbnail","hentry","category-farandula-internacional","category-general","have-post-thumb"],"_links":{"self":[{"href":"https:\/\/www.evafm.net\/sitio\/wp-json\/wp\/v2\/posts\/40370","targetHints":{"allow":["GET"]}}],"collection":[{"href":"https:\/\/www.evafm.net\/sitio\/wp-json\/wp\/v2\/posts"}],"about":[{"href":"https:\/\/www.evafm.net\/sitio\/wp-json\/wp\/v2\/types\/post"}],"author":[{"embeddable":true,"href":"https:\/\/www.evafm.net\/sitio\/wp-json\/wp\/v2\/users\/5"}],"replies":[{"embeddable":true,"href":"https:\/\/www.evafm.net\/sitio\/wp-json\/wp\/v2\/comments?post=40370"}],"version-history":[{"count":1,"href":"https:\/\/www.evafm.net\/sitio\/wp-json\/wp\/v2\/posts\/40370\/revisions"}],"predecessor-version":[{"id":40374,"href":"https:\/\/www.evafm.net\/sitio\/wp-json\/wp\/v2\/posts\/40370\/revisions\/40374"}],"wp:featuredmedia":[{"embeddable":true,"href":"https:\/\/www.evafm.net\/sitio\/wp-json\/wp\/v2\/media\/40373"}],"wp:attachment":[{"href":"https:\/\/www.evafm.net\/sitio\/wp-json\/wp\/v2\/media?parent=40370"}],"wp:term":[{"taxonomy":"category","embeddable":true,"href":"https:\/\/www.evafm.net\/sitio\/wp-json\/wp\/v2\/categories?post=40370"},{"taxonomy":"post_tag","embeddable":true,"href":"https:\/\/www.evafm.net\/sitio\/wp-json\/wp\/v2\/tags?post=40370"}],"curies":[{"name":"wp","href":"https:\/\/api.w.org\/{rel}","templated":true}]}}