{"id":40435,"date":"2018-10-17T09:25:53","date_gmt":"2018-10-17T14:25:53","guid":{"rendered":"http:\/\/www.evafm.net\/sitio\/?p=40435"},"modified":"2018-10-17T09:25:53","modified_gmt":"2018-10-17T14:25:53","slug":"la-alianza-de-jairala-con-pais-y-larrea-esta-por-salir-del-horno","status":"publish","type":"post","link":"https:\/\/www.evafm.net\/sitio\/la-alianza-de-jairala-con-pais-y-larrea-esta-por-salir-del-horno\/","title":{"rendered":"La alianza de Jairala con PAIS y Larrea est\u00e1 por salir del horno"},"content":{"rendered":"<p>Humo blanco. Luego de meses de conversaciones, los dirigentes de los movimientos\u00a0<b>Alianza<\/b>\u00a0<b>PAIS<\/b>,\u00a0<b>Centro<\/b>\u00a0<b>Democr\u00e1tico<\/b>\u00a0y\u00a0<b>Democracia<\/b>\u00a0<b>S\u00ed<\/b>\u00a0en\u00a0<b>Guayas<\/b>\u00a0llegan a un acuerdo con miras a las elecciones seccionales del 24 marzo de 2019. El\u00a0<b>prefecto<\/b>\u00a0de\u00a0<b>Guayas<\/b>\u00a0y precandidato a la Alcald\u00eda de Guayaquil por Centro Democr\u00e1tico, Jimmy Jairala, adelant\u00f3 ayer en una entrevista que la coalici\u00f3n est\u00e1 \u201ccasi lista\u201d.<\/p>\n<p>Una alianza siempre implica ganar y perder.\u00a0<b>PAIS<\/b>, uno de los movimientos con mayor peso pol\u00edtico en Ecuador, no postular\u00e1 por primera vez en su historia a uno de sus cuadros para la Alcald\u00eda de Guayaquil, cediendo este espacio a una figura de Centro Democr\u00e1tico, que por primera vez correr\u00e1 a esta dignidad con cuadro propio.<\/p>\n<p>Sin embargo, el oficialismo vuelve a optar por la\u00a0<b>Prefectura<\/b>\u00a0<b>del Guayas<\/b>, luego de la \u00faltima candidatura verde flex de Pierina Correa en 2009, con la figura del exgobernador Jos\u00e9 Francisco Cevallos.<\/p>\n<p>Est\u00e1 claro que Jairala y Cevallos son las cartas de la naciente alianza para los cargos que postular\u00e1n.<\/p>\n<p>El hermetismo est\u00e1 sobre los acuerdos y otras candidaturas. Las partes quieren que estos sean la sorpresa del pr\u00f3ximo viernes cuando est\u00e1 previsto sea anunciada formalmente la alianza, tentativamente, con la presencia de altos dirigentes del oficialismo que estar\u00e1n en\u00a0<b>Guayaquil<\/b>.<\/p>\n<p>No obstante, Jairala lanz\u00f3 a modo de abreboca que su nombre y rostro ir\u00e1 en la papeleta acompa\u00f1ados solo con el logo y lista de su movimiento.<\/p>\n<p>\u201cEs una forma de presentarnos en la papeleta como lista 1 y en la lista de concejales con los movimientos que se han sumado a la alianza\u201d, coment\u00f3.<\/p>\n<p>V\u00edctor Hugo Aguirre, presidente en\u00a0<b>Guayas<\/b>\u00a0de\u00a0<b>Democracia<\/b>\u00a0<b>S\u00ed<\/b>\u00a0y quien ha participado de los di\u00e1logos, adelant\u00f3 a\u00a0<b>EXPRESO<\/b>\u00a0que existen acuerdos para apoyar candidatos \u00fanicos a las alcald\u00edas de al menos 15 cantones de la provincia, incluido Guayaquil, sin descartar que en estos d\u00edas el n\u00famero crezca.<\/p>\n<p>Reconoci\u00f3 que la conformaci\u00f3n de lista para las concejal\u00edas sigue siendo un punto irritante, pero acordaron someter a encuestas los nombres presentados por las tres fuerzas pol\u00edticas.<\/p>\n<p>\u201cCreo que consolidaremos una unidad casi en toda la provincia, excepto en unos 4 o 5 cantones que por distintas razones no podamos ponernos de acuerdo\u201d.<\/p>\n<p>Esta coalici\u00f3n representa tambi\u00e9n el estreno electoral de Democracia S\u00ed en el tablero pol\u00edtico de la provincia y de la ciudad m\u00e1s poblada del pa\u00eds.<\/p>\n<p>Gustavo Larrea, presidente nacional de la\u00a0<b>organizaci\u00f3n<\/b>, destaca la \u201cfrescura\u201d que representa un grupo nuevo como un aporte a la alianza.<\/p>\n<p>\u201cAportamos en t\u00e9rminos de renovaci\u00f3n y cambio&#8230; aportamos en frescura y tenemos una estructura en toda la provincia que contribuye a la alianza\u201d.<\/p>\n<p>Este Diario intent\u00f3 contactar al director del movimiento PAIS en Guayas, Rommel Salazar, para obtener una reacci\u00f3n al anuncio del prefecto y m\u00e1s detalles en torno a los acuerdos alcanzados, pero hasta el cierre de esta edici\u00f3n no respondi\u00f3.<\/p>\n<p>Fuente: expreso.ec<\/p>\n<p>&nbsp;<\/p>\n<div class=\"gsp_post_data\" \r\n\t            data-post_type=\"post\" \r\n\t            data-cat=\"general,noticias-ecuador\" \r\n\t            data-modified=\"120\"\r\n\t            data-created=\"1539768353\"\r\n\t            data-title=\"La alianza de Jairala con PAIS y Larrea est\u00e1 por salir del horno\" \r\n\t            data-home=\"https:\/\/www.evafm.net\/sitio\"><\/div>","protected":false},"excerpt":{"rendered":"<p>Humo blanco. Luego de meses de conversaciones, los dirigentes de los movimientos\u00a0Alianza\u00a0PAIS,\u00a0Centro\u00a0Democr\u00e1tico\u00a0y\u00a0Democracia\u00a0S\u00ed\u00a0en\u00a0Guayas\u00a0llegan a un acuerdo con miras a las elecciones seccionales del 24 marzo de 2019. El\u00a0prefecto\u00a0de\u00a0Guayas\u00a0y precandidato a la Alcald\u00eda de Guayaquil por Centro Democr\u00e1tico, Jimmy Jairala, adelant\u00f3 ayer en una entrevista que la coalici\u00f3n est\u00e1 \u201ccasi lista\u201d. Una alianza siempre implica ganar y&#8230;<\/p>\n","protected":false},"author":5,"featured_media":40436,"comment_status":"closed","ping_status":"open","sticky":false,"template":"","format":"standard","meta":{"_joinchat":[],"footnotes":""},"categories":[1720,1558],"tags":[],"class_list":["post-40435","post","type-post","status-publish","format-standard","has-post-thumbnail","hentry","category-general","category-noticias-ecuador","have-post-thumb"],"_links":{"self":[{"href":"https:\/\/www.evafm.net\/sitio\/wp-json\/wp\/v2\/posts\/40435","targetHints":{"allow":["GET"]}}],"collection":[{"href":"https:\/\/www.evafm.net\/sitio\/wp-json\/wp\/v2\/posts"}],"about":[{"href":"https:\/\/www.evafm.net\/sitio\/wp-json\/wp\/v2\/types\/post"}],"author":[{"embeddable":true,"href":"https:\/\/www.evafm.net\/sitio\/wp-json\/wp\/v2\/users\/5"}],"replies":[{"embeddable":true,"href":"https:\/\/www.evafm.net\/sitio\/wp-json\/wp\/v2\/comments?post=40435"}],"version-history":[{"count":1,"href":"https:\/\/www.evafm.net\/sitio\/wp-json\/wp\/v2\/posts\/40435\/revisions"}],"predecessor-version":[{"id":40437,"href":"https:\/\/www.evafm.net\/sitio\/wp-json\/wp\/v2\/posts\/40435\/revisions\/40437"}],"wp:featuredmedia":[{"embeddable":true,"href":"https:\/\/www.evafm.net\/sitio\/wp-json\/wp\/v2\/media\/40436"}],"wp:attachment":[{"href":"https:\/\/www.evafm.net\/sitio\/wp-json\/wp\/v2\/media?parent=40435"}],"wp:term":[{"taxonomy":"category","embeddable":true,"href":"https:\/\/www.evafm.net\/sitio\/wp-json\/wp\/v2\/categories?post=40435"},{"taxonomy":"post_tag","embeddable":true,"href":"https:\/\/www.evafm.net\/sitio\/wp-json\/wp\/v2\/tags?post=40435"}],"curies":[{"name":"wp","href":"https:\/\/api.w.org\/{rel}","templated":true}]}}