{"id":40604,"date":"2018-10-20T13:38:44","date_gmt":"2018-10-20T18:38:44","guid":{"rendered":"http:\/\/www.evafm.net\/sitio\/?p=40604"},"modified":"2018-10-20T13:38:44","modified_gmt":"2018-10-20T18:38:44","slug":"cardi-b-se-anticipo-al-invierno-abrigando-ninos-de-zonas-vulnerables","status":"publish","type":"post","link":"https:\/\/www.evafm.net\/sitio\/cardi-b-se-anticipo-al-invierno-abrigando-ninos-de-zonas-vulnerables\/","title":{"rendered":"Cardi B se anticip\u00f3 al invierno abrigando ni\u00f1os de zonas vulnerables"},"content":{"rendered":"<p><strong>La rapera de 26 a\u00f1os<\/strong>, Cardi B ha sorprendido al mostrar\u00a0<strong>su lado m\u00e1s altruista\u00a0<\/strong>al preocuparse por los\u00a0<strong>ni\u00f1os de las calles y la comunidad<\/strong>\u00a0, por lo que se ha anticipado al fr\u00edo invierno que suele afectar a esas personas vulnerables.<\/p>\n<p>B ha mostrado su preocupaci\u00f3n predicando con el ejemplo por lo que se reuni\u00f3 con residentes y admiradores el jueves en el complejo de vivienda\u00a0<strong>Marlboro Houses en Brooklyn<\/strong>\u00a0durante una fresca noche muy amena para convivir.<\/p>\n<p>La joven cantante\u00a0<strong>don\u00f3 varios abrigos a los ni\u00f1os\u00a0<\/strong>de las zonas donde estuvo conviviendo, lo cual le agradecieron mucho y no la dejaron regresar con las manos vac\u00edas, pues le regalaron globos y pastel, ya que recientemente fue su cumplea\u00f1os.<\/p>\n<div>\n<div id=\"twitter-7\" class=\"ck-twitter\">\n<div class=\"SandboxRoot env-bp-350\">\n<div id=\"twitter-widget-0\" class=\"EmbeddedTweet EmbeddedTweet--edge EmbeddedTweet--mediaForward media-forward js-clickToOpenTarget js-tweetIdInfo tweet-InformationCircle-widgetParent\" lang=\"es\">\n<article class=\"MediaCard\n           MediaCard--mediaForward\n\n           cards-multimedia\n           customisable-border\" dir=\"ltr\"><\/p>\n<div class=\"MediaCard-media\">\n<div class=\"MediaCard-widthConstraint js-cspForcedStyle\">\n<div class=\"MediaCard-mediaContainer js-cspForcedStyle\">La noble acci\u00f3n de<strong>\u00a0Cardi B<\/strong>\u00a0ha sido compartida en sus redes sociales, en ellas se ve el tipo de convivencia que tiene con sus fans y las reacciones que tiene ante los\u00a0<strong>sucesos que nacen a partir de su altrismo<\/strong>.<\/div>\n<div><\/div>\n<div>Cabe recordar que\u00a0<strong>a principios de octubre<\/strong>, la cantante recibi\u00f3 una citaci\u00f3n donde la involucraban en la ri\u00f1a de un\u00a0<strong>club nudista<\/strong>\u00a0en Nueva York, a lo cual su abogado dijo que la estrella no ten\u00eda nada que ver con lo sucedido en dicho lugar.<\/div>\n<\/div>\n<\/div>\n<\/article>\n<\/div>\n<\/div>\n<\/div>\n<\/div>\n<p>https:\/\/www.instagram.com\/p\/Boxdat-hbRZ\/?utm_source=ig_web_copy_link<\/p>\n<p>https:\/\/www.instagram.com\/p\/BpGU54yhaEl\/?utm_source=ig_web_copy_link<\/p>\n<p>https:\/\/twitter.com\/WorldLatin\/status\/1053213926056431616<\/p>\n<div>Fuente: laverdadnoticias.com<\/div>\n<div><\/div>\n<div>\n<div id=\"twitter-7\" class=\"ck-twitter\">\n<div class=\"SandboxRoot env-bp-350\">\n<div id=\"twitter-widget-0\" class=\"EmbeddedTweet EmbeddedTweet--edge EmbeddedTweet--mediaForward media-forward js-clickToOpenTarget js-tweetIdInfo tweet-InformationCircle-widgetParent\" lang=\"es\">\n<article class=\"MediaCard\n           MediaCard--mediaForward\n\n           cards-multimedia\n           customisable-border\" dir=\"ltr\"><\/p>\n<div class=\"MediaCard-media\">\n<div class=\"MediaCard-widthConstraint js-cspForcedStyle\">\n<div><\/div>\n<\/div>\n<div><\/div>\n<\/div>\n<\/article>\n<\/div>\n<\/div>\n<\/div>\n<\/div>\n<div class=\"gsp_post_data\" \r\n\t            data-post_type=\"post\" \r\n\t            data-cat=\"farandula-internacional\" \r\n\t            data-modified=\"120\"\r\n\t            data-created=\"1540042724\"\r\n\t            data-title=\"Cardi B se anticip\u00f3 al invierno abrigando ni\u00f1os de zonas vulnerables\" \r\n\t            data-home=\"https:\/\/www.evafm.net\/sitio\"><\/div>","protected":false},"excerpt":{"rendered":"<p>La rapera de 26 a\u00f1os, Cardi B ha sorprendido al mostrar\u00a0su lado m\u00e1s altruista\u00a0al preocuparse por los\u00a0ni\u00f1os de las calles y la comunidad\u00a0, por lo que se ha anticipado al fr\u00edo invierno que suele afectar a esas personas vulnerables. B ha mostrado su preocupaci\u00f3n predicando con el ejemplo por lo que se reuni\u00f3 con residentes&#8230;<\/p>\n","protected":false},"author":5,"featured_media":40608,"comment_status":"closed","ping_status":"open","sticky":false,"template":"","format":"standard","meta":{"_joinchat":[],"footnotes":""},"categories":[1346],"tags":[],"class_list":["post-40604","post","type-post","status-publish","format-standard","has-post-thumbnail","hentry","category-farandula-internacional","have-post-thumb"],"_links":{"self":[{"href":"https:\/\/www.evafm.net\/sitio\/wp-json\/wp\/v2\/posts\/40604","targetHints":{"allow":["GET"]}}],"collection":[{"href":"https:\/\/www.evafm.net\/sitio\/wp-json\/wp\/v2\/posts"}],"about":[{"href":"https:\/\/www.evafm.net\/sitio\/wp-json\/wp\/v2\/types\/post"}],"author":[{"embeddable":true,"href":"https:\/\/www.evafm.net\/sitio\/wp-json\/wp\/v2\/users\/5"}],"replies":[{"embeddable":true,"href":"https:\/\/www.evafm.net\/sitio\/wp-json\/wp\/v2\/comments?post=40604"}],"version-history":[{"count":1,"href":"https:\/\/www.evafm.net\/sitio\/wp-json\/wp\/v2\/posts\/40604\/revisions"}],"predecessor-version":[{"id":40609,"href":"https:\/\/www.evafm.net\/sitio\/wp-json\/wp\/v2\/posts\/40604\/revisions\/40609"}],"wp:featuredmedia":[{"embeddable":true,"href":"https:\/\/www.evafm.net\/sitio\/wp-json\/wp\/v2\/media\/40608"}],"wp:attachment":[{"href":"https:\/\/www.evafm.net\/sitio\/wp-json\/wp\/v2\/media?parent=40604"}],"wp:term":[{"taxonomy":"category","embeddable":true,"href":"https:\/\/www.evafm.net\/sitio\/wp-json\/wp\/v2\/categories?post=40604"},{"taxonomy":"post_tag","embeddable":true,"href":"https:\/\/www.evafm.net\/sitio\/wp-json\/wp\/v2\/tags?post=40604"}],"curies":[{"name":"wp","href":"https:\/\/api.w.org\/{rel}","templated":true}]}}