{"id":40633,"date":"2018-10-21T21:11:13","date_gmt":"2018-10-22T02:11:13","guid":{"rendered":"http:\/\/www.evafm.net\/sitio\/?p=40633"},"modified":"2018-10-21T21:11:13","modified_gmt":"2018-10-22T02:11:13","slug":"sismo-de-56-grados-se-registro-en-guayas","status":"publish","type":"post","link":"https:\/\/www.evafm.net\/sitio\/sismo-de-56-grados-se-registro-en-guayas\/","title":{"rendered":"Sismo de 5,6 grados se registr\u00f3 en Guayas"},"content":{"rendered":"<p>Un temblor de<b>\u00a0magnitud 5,6<\/b>\u00a0en la escala de Ritcher se sinti\u00f3 este domingo 21 de octubre de 2018 en la provincia del\u00a0<b>Guayas<\/b>.<\/p>\n<p>El epicentro tuvo lugar a 6.38 km del cant\u00f3n\u00a0<b>Isidro<\/b>\u00a0<b>Ayora<\/b>\u00a0a una profundidad de 29.99 km, y se registr\u00f3 a las 16H08, seg\u00fan report\u00f3 el\u00a0<b>Instituto Geof\u00edsico ecuatoriano<\/b>.<\/p>\n<blockquote class=\"twitter-tweet\" data-width=\"550\" data-dnt=\"true\">\n<p lang=\"es\" dir=\"ltr\"><a href=\"https:\/\/twitter.com\/hashtag\/SISMO?src=hash&amp;ref_src=twsrc%5Etfw\">#SISMO<\/a> ID: igepn2018uqyg Revisado 2018-10-21 16:08:56 TL Magnitud:5.61 Profundidad: 29.99 km, a 6.38km de Isidro Ayora,Guayas,Latitud: -1.9160 Longitud:-80.1934 Sintio este sismo? Reportelo! en <a href=\"https:\/\/t.co\/bdhAT767B0\">https:\/\/t.co\/bdhAT767B0<\/a> <a href=\"https:\/\/t.co\/7o59RxChIg\">pic.twitter.com\/7o59RxChIg<\/a><\/p>\n<p>&mdash; Instituto Geof\u00edsico (@IGecuador) <a href=\"https:\/\/twitter.com\/IGecuador\/status\/1054119092037120000?ref_src=twsrc%5Etfw\">October 21, 2018<\/a><\/p><\/blockquote>\n<p><script async src=\"https:\/\/platform.twitter.com\/widgets.js\" charset=\"utf-8\"><\/script><\/p>\n<p>Fuente: expreso.ec &#8211; twitter.com<\/p>\n<div class=\"gsp_post_data\" \r\n\t            data-post_type=\"post\" \r\n\t            data-cat=\"general,noticias-ecuador\" \r\n\t            data-modified=\"120\"\r\n\t            data-created=\"1540156273\"\r\n\t            data-title=\"Sismo de 5,6 grados se registr\u00f3 en Guayas\" \r\n\t            data-home=\"https:\/\/www.evafm.net\/sitio\"><\/div>","protected":false},"excerpt":{"rendered":"<p>Un temblor de\u00a0magnitud 5,6\u00a0en la escala de Ritcher se sinti\u00f3 este domingo 21 de octubre de 2018 en la provincia del\u00a0Guayas. El epicentro tuvo lugar a 6.38 km del cant\u00f3n\u00a0Isidro\u00a0Ayora\u00a0a una profundidad de 29.99 km, y se registr\u00f3 a las 16H08, seg\u00fan report\u00f3 el\u00a0Instituto Geof\u00edsico ecuatoriano. #SISMO ID: igepn2018uqyg Revisado 2018-10-21 16:08:56 TL Magnitud:5.61 Profundidad:&#8230;<\/p>\n","protected":false},"author":5,"featured_media":40634,"comment_status":"closed","ping_status":"open","sticky":false,"template":"","format":"standard","meta":{"_joinchat":[],"footnotes":""},"categories":[1720,1558],"tags":[],"class_list":["post-40633","post","type-post","status-publish","format-standard","has-post-thumbnail","hentry","category-general","category-noticias-ecuador","have-post-thumb"],"_links":{"self":[{"href":"https:\/\/www.evafm.net\/sitio\/wp-json\/wp\/v2\/posts\/40633","targetHints":{"allow":["GET"]}}],"collection":[{"href":"https:\/\/www.evafm.net\/sitio\/wp-json\/wp\/v2\/posts"}],"about":[{"href":"https:\/\/www.evafm.net\/sitio\/wp-json\/wp\/v2\/types\/post"}],"author":[{"embeddable":true,"href":"https:\/\/www.evafm.net\/sitio\/wp-json\/wp\/v2\/users\/5"}],"replies":[{"embeddable":true,"href":"https:\/\/www.evafm.net\/sitio\/wp-json\/wp\/v2\/comments?post=40633"}],"version-history":[{"count":1,"href":"https:\/\/www.evafm.net\/sitio\/wp-json\/wp\/v2\/posts\/40633\/revisions"}],"predecessor-version":[{"id":40636,"href":"https:\/\/www.evafm.net\/sitio\/wp-json\/wp\/v2\/posts\/40633\/revisions\/40636"}],"wp:featuredmedia":[{"embeddable":true,"href":"https:\/\/www.evafm.net\/sitio\/wp-json\/wp\/v2\/media\/40634"}],"wp:attachment":[{"href":"https:\/\/www.evafm.net\/sitio\/wp-json\/wp\/v2\/media?parent=40633"}],"wp:term":[{"taxonomy":"category","embeddable":true,"href":"https:\/\/www.evafm.net\/sitio\/wp-json\/wp\/v2\/categories?post=40633"},{"taxonomy":"post_tag","embeddable":true,"href":"https:\/\/www.evafm.net\/sitio\/wp-json\/wp\/v2\/tags?post=40633"}],"curies":[{"name":"wp","href":"https:\/\/api.w.org\/{rel}","templated":true}]}}