{"id":40637,"date":"2018-10-21T21:17:01","date_gmt":"2018-10-22T02:17:01","guid":{"rendered":"http:\/\/www.evafm.net\/sitio\/?p=40637"},"modified":"2018-10-21T21:17:01","modified_gmt":"2018-10-22T02:17:01","slug":"fernando-alvarado-confirma-que-se-fue-de-ecuador","status":"publish","type":"post","link":"https:\/\/www.evafm.net\/sitio\/fernando-alvarado-confirma-que-se-fue-de-ecuador\/","title":{"rendered":"Fernando Alvarado confirma que se fue de Ecuador"},"content":{"rendered":"<p><strong>Actualizado a las 20:56<\/strong><\/p>\n<p>La Polic\u00eda de Ecuador inici\u00f3 este s\u00e1bado el operativo de b\u00fasqueda del ex secretario de Comunicaci\u00f3n Fernando Alvarado por las carreteras del pa\u00eds, indic\u00f3 la ministra del Interior, Mar\u00eda Paula Romo. Esa orden se dio a pocas horas de que mediante un texto de Whatsapp, el mismo Alvarado confirmara que ya estaba en camino a otro pa\u00eds.<\/p>\n<p>En el texto enviado a periodistas, el exfuncionario del r\u00e9gimen de Rafael Correa anuncia que ya no se encuentra en Ecuador, sino en tr\u00e1nsito a un pa\u00eds que le ha concedido asilo.<\/p>\n<p>Y, all\u00ed mismo cuenta que se ha despojado del\u00a0dispositivo electr\u00f3nico.<\/p>\n<p>El defensor de Alvarado no ha respondido las insistentes llamadas.<\/p>\n<p>Alvarado confirm\u00f3 a EL UNIVERSO que envi\u00f3 el escrito al personal del Ministerio de Justicia, y que su abogado presentar\u00e1 el lunes el escrito a la Fiscal\u00eda, relatando el tema.<\/p>\n<p>El exfuncionario del gobierno de Rafael Correa se\u00f1al\u00f3 que no sali\u00f3 del pa\u00eds debido a lo que Pablo Y\u00e1nez, ex subsecretario de Comunicaci\u00f3n, iba a decir, sino porque ya le hab\u00edan concedido el asilo, lo que ocurri\u00f3 mucho antes de las declaraciones de Y\u00e1nez, quien\u00a0pidi\u00f3 que lo integren al Programa de V\u00edctimas y Testigos.<\/p>\n<p>No ha especificado a qu\u00e9 pa\u00eds se dirige.<\/p>\n<p>Adem\u00e1s, se dispuso notificar del caso a los controles migratorios. De acuerdo a la Ministra, se est\u00e1 verificando la informaci\u00f3n de que\u00a0Alvarado se habr\u00eda removido el grillete electr\u00f3nico.<\/p>\n<p>Por el delito de peculado, la jueza Sylvia S\u00e1nchez, de la Corte Nacional de Justicia (CNJ), determin\u00f3 el pasado 9 de agosto varias medidas cautelares para\u00a0Fernando Alvarado, entre ellas el uso de un grillete electr\u00f3nico (dispositivo de localizaci\u00f3n),presentaci\u00f3n cada 15 d\u00edas ante la autoridad competente y prohibici\u00f3n de salida del pa\u00eds.<\/p>\n<p>La semana anterior, Pablo Y\u00e1nez, exsubsecretario de la Secretar\u00eda de Comunicaci\u00f3n, pidi\u00f3 a la Fiscal\u00eda que lo incorpore en el Programa de V\u00edctimas y Testigos.<\/p>\n<p>Seg\u00fan la defensora Lorena Grillo, la informaci\u00f3n que Y\u00e1nez entregar\u00e1 es \u201caltamente sensible\u201d y podr\u00eda poner \u201cen riesgo su integridad f\u00edsica, por la connotaci\u00f3n legal y pol\u00edtica\u201d, debido a que considera que se pretende exculpar a Alvarado del manejo de varios a\u00f1os al frente de la Secom, para responsabilizar a su cliente.\u00a0 (I)<\/p>\n<blockquote class=\"twitter-tweet\" data-width=\"550\" data-dnt=\"true\">\n<p lang=\"es\" dir=\"ltr\">Verificamos informaci\u00f3n de que Fernando Alvarado se habr\u00eda removido el grillete electr\u00f3nico. Mientras se confirma, he dispuesto notificar a controles migratorios; <a href=\"https:\/\/twitter.com\/PoliciaEcuador?ref_src=twsrc%5Etfw\">@PoliciaEcuador<\/a> inicia operativos d b\u00fasqueda en carreteras. <br \/>Juez de la causa deber\u00e1 actuar de inmediato.<\/p>\n<p>&mdash; Mar\u00eda Paula Romo (@mariapaularomo) <a href=\"https:\/\/twitter.com\/mariapaularomo\/status\/1053793851402604545?ref_src=twsrc%5Etfw\">October 20, 2018<\/a><\/p><\/blockquote>\n<p><script async src=\"https:\/\/platform.twitter.com\/widgets.js\" charset=\"utf-8\"><\/script><\/p>\n<p>Fuente: eluniverso.com &#8211; twitter.com<\/p>\n<div class=\"gsp_post_data\" \r\n\t            data-post_type=\"post\" \r\n\t            data-cat=\"noticias-ecuador\" \r\n\t            data-modified=\"120\"\r\n\t            data-created=\"1540156621\"\r\n\t            data-title=\"Fernando Alvarado confirma que se fue de Ecuador\" \r\n\t            data-home=\"https:\/\/www.evafm.net\/sitio\"><\/div>","protected":false},"excerpt":{"rendered":"<p>Actualizado a las 20:56 La Polic\u00eda de Ecuador inici\u00f3 este s\u00e1bado el operativo de b\u00fasqueda del ex secretario de Comunicaci\u00f3n Fernando Alvarado por las carreteras del pa\u00eds, indic\u00f3 la ministra del Interior, Mar\u00eda Paula Romo. Esa orden se dio a pocas horas de que mediante un texto de Whatsapp, el mismo Alvarado confirmara que ya&#8230;<\/p>\n","protected":false},"author":5,"featured_media":40639,"comment_status":"closed","ping_status":"open","sticky":false,"template":"","format":"standard","meta":{"_joinchat":[],"footnotes":""},"categories":[1558],"tags":[],"class_list":["post-40637","post","type-post","status-publish","format-standard","has-post-thumbnail","hentry","category-noticias-ecuador","have-post-thumb"],"_links":{"self":[{"href":"https:\/\/www.evafm.net\/sitio\/wp-json\/wp\/v2\/posts\/40637","targetHints":{"allow":["GET"]}}],"collection":[{"href":"https:\/\/www.evafm.net\/sitio\/wp-json\/wp\/v2\/posts"}],"about":[{"href":"https:\/\/www.evafm.net\/sitio\/wp-json\/wp\/v2\/types\/post"}],"author":[{"embeddable":true,"href":"https:\/\/www.evafm.net\/sitio\/wp-json\/wp\/v2\/users\/5"}],"replies":[{"embeddable":true,"href":"https:\/\/www.evafm.net\/sitio\/wp-json\/wp\/v2\/comments?post=40637"}],"version-history":[{"count":1,"href":"https:\/\/www.evafm.net\/sitio\/wp-json\/wp\/v2\/posts\/40637\/revisions"}],"predecessor-version":[{"id":40640,"href":"https:\/\/www.evafm.net\/sitio\/wp-json\/wp\/v2\/posts\/40637\/revisions\/40640"}],"wp:featuredmedia":[{"embeddable":true,"href":"https:\/\/www.evafm.net\/sitio\/wp-json\/wp\/v2\/media\/40639"}],"wp:attachment":[{"href":"https:\/\/www.evafm.net\/sitio\/wp-json\/wp\/v2\/media?parent=40637"}],"wp:term":[{"taxonomy":"category","embeddable":true,"href":"https:\/\/www.evafm.net\/sitio\/wp-json\/wp\/v2\/categories?post=40637"},{"taxonomy":"post_tag","embeddable":true,"href":"https:\/\/www.evafm.net\/sitio\/wp-json\/wp\/v2\/tags?post=40637"}],"curies":[{"name":"wp","href":"https:\/\/api.w.org\/{rel}","templated":true}]}}