{"id":40661,"date":"2018-10-22T14:36:45","date_gmt":"2018-10-22T19:36:45","guid":{"rendered":"http:\/\/www.evafm.net\/sitio\/?p=40661"},"modified":"2018-10-22T14:36:45","modified_gmt":"2018-10-22T19:36:45","slug":"bus-que-transportaba-hinchas-de-macara-fue-agredido-en-las-afueras-del-capwell","status":"publish","type":"post","link":"https:\/\/www.evafm.net\/sitio\/bus-que-transportaba-hinchas-de-macara-fue-agredido-en-las-afueras-del-capwell\/","title":{"rendered":"Bus que transportaba hinchas de Macar\u00e1 fue agredido en las afueras del Capwell"},"content":{"rendered":"<p>Finalizado el compromiso entre\u00a0<strong>Emelec<\/strong>\u00a0y\u00a0<strong>Macar\u00e1<\/strong>\u00a0en el estadio Capwell con victoria azul por 3-1, se registr\u00f3 un incidente cuando un grupo de hinchas ambate\u00f1os que hab\u00edan viajado a\u00a0<strong>Guayaquil\u00a0<\/strong>para apoyar a su equipo, part\u00edan de regreso a su ciudad.<\/p>\n<p>Uno de los buses en los que se transportaban fue atacado con piedras por varios seguidores azules en las afueras del estadio. Adem\u00e1s, otros fueron asaltados.<\/p>\n<p>Los hinchas que terminaron con cortes causados por los vidrios rotos fueron atendidos en las afueras de Guayaquil. (D)<\/p>\n<blockquote class=\"twitter-tweet\" data-width=\"550\" data-dnt=\"true\">\n<p lang=\"es\" dir=\"ltr\">As\u00ed qued\u00f3 uno de los buses donde estaban hinchas de <a href=\"https:\/\/twitter.com\/Macara_Oficial?ref_src=twsrc%5Etfw\">@Macara_Oficial<\/a> hoy en Guayaquil <\/p>\n<p>Violencia en el f\u00fatbol <\/p>\n<p>94.5 FM <a href=\"https:\/\/twitter.com\/hashtag\/FielExpresionDeLaRadioDeHoy?src=hash&amp;ref_src=twsrc%5Etfw\">#FielExpresionDeLaRadioDeHoy<\/a> <a href=\"https:\/\/t.co\/fuiVdtmBsb\">pic.twitter.com\/fuiVdtmBsb<\/a><\/p>\n<p>&mdash; GRUPO ABC DEPORTIVO (@GrupoABCEc) <a href=\"https:\/\/twitter.com\/GrupoABCEc\/status\/1054198968907956225?ref_src=twsrc%5Etfw\">October 22, 2018<\/a><\/p><\/blockquote>\n<p><script async src=\"https:\/\/platform.twitter.com\/widgets.js\" charset=\"utf-8\"><\/script><\/p>\n<blockquote class=\"twitter-tweet\" data-width=\"550\" data-dnt=\"true\">\n<p lang=\"es\" dir=\"ltr\">(REPUDIABLE)<\/p>\n<p>Rotos parabrisas de los buses que transportaban a los hinchas de <a href=\"https:\/\/twitter.com\/hashtag\/Macar%C3%A1?src=hash&amp;ref_src=twsrc%5Etfw\">#Macar\u00e1<\/a>, adem\u00e1s varios resultaron asaltados.<\/p>\n<p>A esta hora en las afueras de <a href=\"https:\/\/twitter.com\/hashtag\/Guayaquil?src=hash&amp;ref_src=twsrc%5Etfw\">#Guayaquil<\/a> est\u00e1n siendo atendidos hinchas celestes q tienen cortes de vidrios.<\/p>\n<p>Gracias \ud83d\udcf7 Cristian Acosta y Javier Slm <a href=\"https:\/\/t.co\/mZBI4k2j8R\">pic.twitter.com\/mZBI4k2j8R<\/a><\/p>\n<p>&mdash; Carlos Andr\u00e9s Mu\u00f1oz Naranjo (@CarlosAndresMN) <a href=\"https:\/\/twitter.com\/CarlosAndresMN\/status\/1054192199456509952?ref_src=twsrc%5Etfw\">October 22, 2018<\/a><\/p><\/blockquote>\n<p><script async src=\"https:\/\/platform.twitter.com\/widgets.js\" charset=\"utf-8\"><\/script><\/p>\n<p>Fuente: eluniverso.com &#8211; twitter.com<\/p>\n<div class=\"gsp_post_data\" \r\n\t            data-post_type=\"post\" \r\n\t            data-cat=\"deportes-ecuador\" \r\n\t            data-modified=\"120\"\r\n\t            data-created=\"1540219005\"\r\n\t            data-title=\"Bus que transportaba hinchas de Macar\u00e1 fue agredido en las afueras del Capwell\" \r\n\t            data-home=\"https:\/\/www.evafm.net\/sitio\"><\/div>","protected":false},"excerpt":{"rendered":"<p>Finalizado el compromiso entre\u00a0Emelec\u00a0y\u00a0Macar\u00e1\u00a0en el estadio Capwell con victoria azul por 3-1, se registr\u00f3 un incidente cuando un grupo de hinchas ambate\u00f1os que hab\u00edan viajado a\u00a0Guayaquil\u00a0para apoyar a su equipo, part\u00edan de regreso a su ciudad. Uno de los buses en los que se transportaban fue atacado con piedras por varios seguidores azules en las&#8230;<\/p>\n","protected":false},"author":5,"featured_media":40664,"comment_status":"closed","ping_status":"open","sticky":false,"template":"","format":"standard","meta":{"_joinchat":[],"footnotes":""},"categories":[1557],"tags":[],"class_list":["post-40661","post","type-post","status-publish","format-standard","has-post-thumbnail","hentry","category-deportes-ecuador","have-post-thumb"],"_links":{"self":[{"href":"https:\/\/www.evafm.net\/sitio\/wp-json\/wp\/v2\/posts\/40661","targetHints":{"allow":["GET"]}}],"collection":[{"href":"https:\/\/www.evafm.net\/sitio\/wp-json\/wp\/v2\/posts"}],"about":[{"href":"https:\/\/www.evafm.net\/sitio\/wp-json\/wp\/v2\/types\/post"}],"author":[{"embeddable":true,"href":"https:\/\/www.evafm.net\/sitio\/wp-json\/wp\/v2\/users\/5"}],"replies":[{"embeddable":true,"href":"https:\/\/www.evafm.net\/sitio\/wp-json\/wp\/v2\/comments?post=40661"}],"version-history":[{"count":1,"href":"https:\/\/www.evafm.net\/sitio\/wp-json\/wp\/v2\/posts\/40661\/revisions"}],"predecessor-version":[{"id":40665,"href":"https:\/\/www.evafm.net\/sitio\/wp-json\/wp\/v2\/posts\/40661\/revisions\/40665"}],"wp:featuredmedia":[{"embeddable":true,"href":"https:\/\/www.evafm.net\/sitio\/wp-json\/wp\/v2\/media\/40664"}],"wp:attachment":[{"href":"https:\/\/www.evafm.net\/sitio\/wp-json\/wp\/v2\/media?parent=40661"}],"wp:term":[{"taxonomy":"category","embeddable":true,"href":"https:\/\/www.evafm.net\/sitio\/wp-json\/wp\/v2\/categories?post=40661"},{"taxonomy":"post_tag","embeddable":true,"href":"https:\/\/www.evafm.net\/sitio\/wp-json\/wp\/v2\/tags?post=40661"}],"curies":[{"name":"wp","href":"https:\/\/api.w.org\/{rel}","templated":true}]}}