{"id":40871,"date":"2018-10-26T16:15:26","date_gmt":"2018-10-26T21:15:26","guid":{"rendered":"http:\/\/www.evafm.net\/sitio\/?p=40871"},"modified":"2018-10-26T16:15:26","modified_gmt":"2018-10-26T21:15:26","slug":"jose-francisco-cevallos-dice-que-no-hace-campana-politica","status":"publish","type":"post","link":"https:\/\/www.evafm.net\/sitio\/jose-francisco-cevallos-dice-que-no-hace-campana-politica\/","title":{"rendered":"Jos\u00e9 Francisco Cevallos dice que no hace campa\u00f1a pol\u00edtica"},"content":{"rendered":"<p>Turbulenta ha sido la \u00faltima semana para Barcelona y para su presidente,\u00a0Jos\u00e9 Francisco Cevallos, quien acudi\u00f3 a la justicia ordinaria para responder por deudas y demandas contra el club. No obstante, el exarquero se niega a revelar el monto del d\u00e9ficit canario (a los socios toreros les dijo que lo har\u00e1 en marzo del 2019).<\/p>\n<p>Cevallos, quien tambi\u00e9n fue acusado \u2013por los socios Eberhard Graetzer y Jorge Jim\u00e9nez\u2013 de hacer campa\u00f1a pol\u00edtica por su precandidatura a prefecto del Guayas, habl\u00f3 ayer de ese tema, de la continuidad de Juan Ignacio Dinenno y del caso de Michael Arroyo (EL UNIVERSO ha hecho dos pedidos al \u00e1rea de prensa de Barcelona para entrevistar al dirigente y otra solicitud a la secretaria de Cevallos, pero todav\u00eda no ha recibido respuestas).<\/p>\n<p>Del argentino Dinenno, goleador canario con 13 tantos, Cevallos se\u00f1al\u00f3 que est\u00e1 por tomarse una decisi\u00f3n respecto a la continuidad del atacante.<\/p>\n<p>\u201cEn las pr\u00f3ximas semanas tenemos que tomar una decisi\u00f3n sobre si compramos el 50 % de su pase. Es un excelente profesional, pero el tema econ\u00f3mico lo estamos analizando porque se trata de hacer una inversi\u00f3n de gran magnitud\u201d, coment\u00f3.<\/p>\n<p>Cevallos aclar\u00f3 que se har\u00e1 un estudio porque \u201cdespu\u00e9s nos van a cuestionar los que sabemos (no especific\u00f3 qui\u00e9nes) porque compramos jugadores.<\/p>\n<p>Las decisiones hay que tomarlas de buena manera, para beneficio del club\u201d.<\/p>\n<div id=\"vidoomy\"><\/div>\n<p>Tambi\u00e9n fue consultado por los reproches al manejo econ\u00f3mico del club que hizo Jim\u00e9nez, exmiembro de su directorio, quien asever\u00f3 que la deuda bordea los $ 41 millones.<\/p>\n<p>\u201c\u00c9l dijo que tiene documentos; que los ense\u00f1e. Son calumniosas y maliciosas sus declaraciones. Vamos a estar atentos al tema porque es muy f\u00e1cil hablar desde fuera.<\/p>\n<p>\u00c9l estuvo adentro (de la dirigencia) y vio las complicaciones (econ\u00f3micas)\u201d, expres\u00f3 Cevallos.<\/p>\n<p>El 28 de septiembre pasado diario\u00a0<em>El Comercio<\/em>\u00a0reprodujo una respuesta de Juan Alfredo Cuentas, vicepresidente administrativo: \u201cEn la auditor\u00eda se revel\u00f3 que la deuda total era de $ 27 millones, pero a eso hab\u00eda que sumarle contingencias por $ 14 millones\u201d.<\/p>\n<p>El rotativo a\u00f1adi\u00f3: \u201cLas declaraciones del directivo se contraponen a las que dio en marzo del 2016, cuando dijo que el valor certificado m\u00e1s contingencias y cargas impositivas, podr\u00eda llegar a $ 32 millones. Ante esa contradicci\u00f3n, el dirigente se neg\u00f3 a dar un valor exacto del d\u00e9ficit actual del equipo\u201d.<\/p>\n<h2>Arroyo, \u2018tema sensible\u2019<\/h2>\n<p>Del informe de Luis Zambrano, director de la Unidad Antidopaje de la FEF, que ratifica que \u201chubo un intento de evasi\u00f3n\u201d de Arroyo para evitar la prueba antidopaje tras el Cl\u00e1sico, del pasado 14 de octubre, el amarillo pidi\u00f3 que se \u201carchive\u201d la causa.<\/p>\n<p>\u201cNo hay nada tipificado que diga hemos violado el procedimiento de la toma de muestra de Arroyo.<\/p>\n<p>Por eso pido que se archive. Es un tema sensible y estaremos al tanto porque si vemos que hay malicia buscaremos acciones legales\u201d, manifest\u00f3.<\/p>\n<p>Cevallos remat\u00f3 con el tema pol\u00edtico: \u201cYo no estoy haciendo campa\u00f1a. Me re\u00fano como cualquier ciudadano m\u00e1s, preocupado por las necesidades de la provincia. No he anunciado nada (si ser\u00e1 candidato). La propuesta existe y la estoy analizando\u201d.<\/p>\n<p><strong>Pretemporada 2019<\/strong><br \/>\nJos\u00e9 Cevallos dej\u00f3 abierta la posibilidad de que el cuadro amarillo realice su pretemporada, el pr\u00f3ximo a\u00f1o, en Uruguay, pa\u00eds del t\u00e9cnico\u00a0Guillermo Almada.<\/p>\n<p><strong>Reemplazo<\/strong><br \/>\nEn lo futbol\u00edstico, el DT Almada busca sustituto en la defensa para Xavier Arreaga, que est\u00e1 suspendido por acumulaci\u00f3n de tarjetas amarillas.<\/p>\n<p><strong>13 goles<\/strong><br \/>\nEse n\u00famero de anotaciones ha marcado\u00a0Juan Ignacio Dinenno, en 37 partidos que se han jugado del campeonato nacional.<\/p>\n<p>El argentino lleg\u00f3 este a\u00f1o a Barcelona.<\/p>\n<p><strong>$ 29,5<br \/>\nMillones<\/strong><br \/>\nSeg\u00fan Juan Alfredo Cuentas, vicepresidente financiero torero, ese valor ha pagado la dirigencia en deudas del club.<\/p>\n<p>Esperan hacer p\u00fablicos los pagos en la web amarilla.<\/p>\n<p>Fuente: eluniverso.com<\/p>\n<div id=\"Box1\" class=\"dfp-slot atm-banner-box1 desktopmiddledfpslot publicity-content\"><\/div>\n<div class=\"gsp_post_data\" \r\n\t            data-post_type=\"post\" \r\n\t            data-cat=\"deportes-ecuador,general\" \r\n\t            data-modified=\"120\"\r\n\t            data-created=\"1540570526\"\r\n\t            data-title=\"Jos\u00e9 Francisco Cevallos dice que no hace campa\u00f1a pol\u00edtica\" \r\n\t            data-home=\"https:\/\/www.evafm.net\/sitio\"><\/div>","protected":false},"excerpt":{"rendered":"<p>Turbulenta ha sido la \u00faltima semana para Barcelona y para su presidente,\u00a0Jos\u00e9 Francisco Cevallos, quien acudi\u00f3 a la justicia ordinaria para responder por deudas y demandas contra el club. No obstante, el exarquero se niega a revelar el monto del d\u00e9ficit canario (a los socios toreros les dijo que lo har\u00e1 en marzo del 2019)&#8230;.<\/p>\n","protected":false},"author":5,"featured_media":40872,"comment_status":"closed","ping_status":"open","sticky":false,"template":"","format":"standard","meta":{"_joinchat":[],"footnotes":""},"categories":[1557,1720],"tags":[],"class_list":["post-40871","post","type-post","status-publish","format-standard","has-post-thumbnail","hentry","category-deportes-ecuador","category-general","have-post-thumb"],"_links":{"self":[{"href":"https:\/\/www.evafm.net\/sitio\/wp-json\/wp\/v2\/posts\/40871","targetHints":{"allow":["GET"]}}],"collection":[{"href":"https:\/\/www.evafm.net\/sitio\/wp-json\/wp\/v2\/posts"}],"about":[{"href":"https:\/\/www.evafm.net\/sitio\/wp-json\/wp\/v2\/types\/post"}],"author":[{"embeddable":true,"href":"https:\/\/www.evafm.net\/sitio\/wp-json\/wp\/v2\/users\/5"}],"replies":[{"embeddable":true,"href":"https:\/\/www.evafm.net\/sitio\/wp-json\/wp\/v2\/comments?post=40871"}],"version-history":[{"count":1,"href":"https:\/\/www.evafm.net\/sitio\/wp-json\/wp\/v2\/posts\/40871\/revisions"}],"predecessor-version":[{"id":40873,"href":"https:\/\/www.evafm.net\/sitio\/wp-json\/wp\/v2\/posts\/40871\/revisions\/40873"}],"wp:featuredmedia":[{"embeddable":true,"href":"https:\/\/www.evafm.net\/sitio\/wp-json\/wp\/v2\/media\/40872"}],"wp:attachment":[{"href":"https:\/\/www.evafm.net\/sitio\/wp-json\/wp\/v2\/media?parent=40871"}],"wp:term":[{"taxonomy":"category","embeddable":true,"href":"https:\/\/www.evafm.net\/sitio\/wp-json\/wp\/v2\/categories?post=40871"},{"taxonomy":"post_tag","embeddable":true,"href":"https:\/\/www.evafm.net\/sitio\/wp-json\/wp\/v2\/tags?post=40871"}],"curies":[{"name":"wp","href":"https:\/\/api.w.org\/{rel}","templated":true}]}}