{"id":40915,"date":"2018-10-29T14:13:01","date_gmt":"2018-10-29T19:13:01","guid":{"rendered":"http:\/\/www.evafm.net\/sitio\/?p=40915"},"modified":"2018-10-29T14:13:26","modified_gmt":"2018-10-29T19:13:26","slug":"mariano-soso-se-consiguio-una-victoria-justa-y-merecida","status":"publish","type":"post","link":"https:\/\/www.evafm.net\/sitio\/mariano-soso-se-consiguio-una-victoria-justa-y-merecida\/","title":{"rendered":"Mariano Soso: \u00abSe consigui\u00f3 una victoria justa y merecida\u00bb"},"content":{"rendered":"<div align=\"justify\">\n<p>El director t\u00e9cnico del Club Sport Emelec, Mariano Soso, dio delclaraciones tras el gran triunfo 0-1 que obtuvo en el Estadio Banco del Pac\u00edfico Gonzalo Pozo Ripalda. Por lo tanto, manifest\u00f3 que tuvieron las oportunidades en el primer tiempo pero no concretaron: \u00abEn el primer tiempo cumplimos parcialmente, ah\u00ed no tuvimos la claridad para meterla\u201d, dijo Soso.<\/p>\n<p>Adem\u00e1s, de lo ajustado que se encuentra el Campeonato Nacional: \u201cHasta el final se va a definir al ganador. Hay mucha paridad. Nuestra tarea es ir resolviendo partido a partido e intentando sumar\u201d, aclar\u00f3 el estratega \u2018el\u00e9ctrico\u2019.<\/p>\n<p>Por \u00faltimo, habl\u00f3 sobre su primera victoria en condici\u00f3n de visitante en esta segunda etapa del campeonato local, en donde manifiesta que es merecida y justa: \u00abSe consigui\u00f3 una victoria justa y merecida\u201d, afirm\u00f3 Mariano Soso.<\/p>\n<\/div>\n<p><iframe title=\"Aucas 0:1 Emelec\" width=\"1200\" height=\"675\" src=\"https:\/\/www.youtube.com\/embed\/la_H9aPhmmk?feature=oembed\" frameborder=\"0\" allow=\"accelerometer; autoplay; clipboard-write; encrypted-media; gyroscope; picture-in-picture; web-share\" referrerpolicy=\"strict-origin-when-cross-origin\" allowfullscreen><\/iframe><\/p>\n<p>Fuente: ecuagol.com\u00a0 &#8211; youtube.com<\/p>\n<div class=\"gsp_post_data\" \r\n\t            data-post_type=\"post\" \r\n\t            data-cat=\"deportes-ecuador\" \r\n\t            data-modified=\"120\"\r\n\t            data-created=\"1540822381\"\r\n\t            data-title=\"Mariano Soso: \u00abSe consigui\u00f3 una victoria justa y merecida\u00bb\" \r\n\t            data-home=\"https:\/\/www.evafm.net\/sitio\"><\/div>","protected":false},"excerpt":{"rendered":"<p>El director t\u00e9cnico del Club Sport Emelec, Mariano Soso, dio delclaraciones tras el gran triunfo 0-1 que obtuvo en el Estadio Banco del Pac\u00edfico Gonzalo Pozo Ripalda. Por lo tanto, manifest\u00f3 que tuvieron las oportunidades en el primer tiempo pero no concretaron: \u00abEn el primer tiempo cumplimos parcialmente, ah\u00ed no tuvimos la claridad para meterla\u201d,&#8230;<\/p>\n","protected":false},"author":5,"featured_media":40919,"comment_status":"closed","ping_status":"open","sticky":false,"template":"","format":"standard","meta":{"_joinchat":[],"footnotes":""},"categories":[1557],"tags":[],"class_list":["post-40915","post","type-post","status-publish","format-standard","has-post-thumbnail","hentry","category-deportes-ecuador","have-post-thumb"],"_links":{"self":[{"href":"https:\/\/www.evafm.net\/sitio\/wp-json\/wp\/v2\/posts\/40915","targetHints":{"allow":["GET"]}}],"collection":[{"href":"https:\/\/www.evafm.net\/sitio\/wp-json\/wp\/v2\/posts"}],"about":[{"href":"https:\/\/www.evafm.net\/sitio\/wp-json\/wp\/v2\/types\/post"}],"author":[{"embeddable":true,"href":"https:\/\/www.evafm.net\/sitio\/wp-json\/wp\/v2\/users\/5"}],"replies":[{"embeddable":true,"href":"https:\/\/www.evafm.net\/sitio\/wp-json\/wp\/v2\/comments?post=40915"}],"version-history":[{"count":2,"href":"https:\/\/www.evafm.net\/sitio\/wp-json\/wp\/v2\/posts\/40915\/revisions"}],"predecessor-version":[{"id":40921,"href":"https:\/\/www.evafm.net\/sitio\/wp-json\/wp\/v2\/posts\/40915\/revisions\/40921"}],"wp:featuredmedia":[{"embeddable":true,"href":"https:\/\/www.evafm.net\/sitio\/wp-json\/wp\/v2\/media\/40919"}],"wp:attachment":[{"href":"https:\/\/www.evafm.net\/sitio\/wp-json\/wp\/v2\/media?parent=40915"}],"wp:term":[{"taxonomy":"category","embeddable":true,"href":"https:\/\/www.evafm.net\/sitio\/wp-json\/wp\/v2\/categories?post=40915"},{"taxonomy":"post_tag","embeddable":true,"href":"https:\/\/www.evafm.net\/sitio\/wp-json\/wp\/v2\/tags?post=40915"}],"curies":[{"name":"wp","href":"https:\/\/api.w.org\/{rel}","templated":true}]}}