{"id":40943,"date":"2018-10-29T15:33:14","date_gmt":"2018-10-29T20:33:14","guid":{"rendered":"http:\/\/www.evafm.net\/sitio\/?p=40943"},"modified":"2018-10-29T15:33:14","modified_gmt":"2018-10-29T20:33:14","slug":"nicolas-maduro-anuncio-el-cierre-comercial-de-la-frontera-con-colombia","status":"publish","type":"post","link":"https:\/\/www.evafm.net\/sitio\/nicolas-maduro-anuncio-el-cierre-comercial-de-la-frontera-con-colombia\/","title":{"rendered":"Nicol\u00e1s Maduro anunci\u00f3 el cierre comercial de la frontera con Colombia"},"content":{"rendered":"<div class=\"row pb-content-type-text\">\n<div class=\"col-xs-12 col-print-12\">\n<p class=\"element element-paragraph\">El Gobierno de Venezuela anunci\u00f3 este lunes que procedi\u00f3 al cierre de la frontera comercial con Colombia ante el\u00a0<strong>\u00abriesgo epidemiol\u00f3gico inminente\u00bb<\/strong>\u00a0por el brote de fiebre aftosa detectado hace d\u00edas en el municipio colombiano de Maicao, situado en el departamento de La Guajira (norte).<\/p>\n<\/div>\n<\/div>\n<div class=\"row pb-content-type-text\">\n<div class=\"col-xs-12 col-print-12\">\n<p class=\"element element-paragraph\">El ministro para la agricultura de Venezuela, Wilmar Castro Soteldo, dijo en una alocuci\u00f3n televisada que la medida se toma despu\u00e9s que el Gobierno confirmara el nuevo brote de aftosa en Colombia, pa\u00eds al que acus\u00f3 de no seguir los protocolos establecidos para la protecci\u00f3n del ganado.<\/p>\n<\/div>\n<\/div>\n<div class=\"row pb-content-type-text\">\n<div class=\"col-xs-12 col-print-12\">\n<p class=\"element element-paragraph\"><strong>La resoluci\u00f3n afecta a los \u00abanimales, productos y subproductos capaces de vehiculizar o trasmitir el virus de la fiebre aftosa\u00bb, tales como rumiantes en pie, porcino, carnes, embutidos, productos l\u00e1cteos y derivados de origen animal.<\/strong><\/p>\n<\/div>\n<\/div>\n<div class=\"row pb-content-type-text\">\n<div class=\"col-xs-12 col-print-12\">\n<p class=\"element element-paragraph\">Adem\u00e1s, se orden\u00f3 la intensificaci\u00f3n de la vigilancia epidemiol\u00f3gica en los estados fronterizos y la inmunizaci\u00f3n del reba\u00f1o bovino y bufalino del pa\u00eds, para lo cual, asegur\u00f3 Castro Soteldo, se disponen de 32 millones de vacunas.<\/p>\n<\/div>\n<\/div>\n<div class=\"row pb-content-type-text\">\n<div class=\"col-xs-12 col-print-12\">\n<p class=\"element element-paragraph\"><strong>Tambi\u00e9n se determin\u00f3 el \u00absacrificio inmediato, destrucci\u00f3n e incineraci\u00f3n\u00bb de cualquier animal, producto o subproducto de riesgo procedente de Colombia, sin importar si su tr\u00e1nsito ha sido legal o ilegal.<\/strong><\/p>\n<\/div>\n<\/div>\n<div class=\"row pb-content-type-text\">\n<div class=\"col-xs-12 col-print-12\">\n<p class=\"element element-paragraph\">Asimismo, Castro Soteldo acus\u00f3 al Gobierno de Colombia de tener \u00abun exiguo control\u00bb en el tr\u00e1nsito de animales hacia su pa\u00eds, al tiempo que neg\u00f3 que estos \u00faltimos brotes de aftosa provengan de\u00a0<span class=\"classCadenaBusqueda\">Venezuela<\/span>.<\/p>\n<\/div>\n<\/div>\n<div class=\"row pb-content-type-text\">\n<div class=\"col-xs-12 col-print-12\">\n<p class=\"element element-paragraph\">\u00abNosotros alertamos a nuestros productores, a nuestros distribuidores que tengan el mayor control y la mayor vigilancia posible para evitar que productos provenientes de la hermana rep\u00fablica de Colombia puedan ingresar a nuestro pa\u00eds\u00bb, a\u00f1adi\u00f3.<\/p>\n<div class=\"row pb-content-type-text\">\n<div class=\"col-xs-12 col-print-12\">\n<p class=\"element element-paragraph\"><strong>Seg\u00fan las autoridades migratorias de Colombia, cada d\u00eda cruzan a este pa\u00eds casi 35.000 venezolanos, muchos en busca de alimentos b\u00e1sicos y otros para radicarse all\u00ed de forma definitiva.<\/strong><\/p>\n<\/div>\n<\/div>\n<div class=\"row pb-content-type-text\">\n<div class=\"col-xs-12 col-print-12\">\n<p class=\"element element-paragraph\">El ministro venezolano record\u00f3 este hecho al advertir a quienes cruzan la frontera para adquirir productos \u00abque pudieran ser embutidos o l\u00e1cteos\u00bb que la aftosa provoca \u00abcomplicaciones\u00bb de salud en los seres humanos.<\/p>\n<\/div>\n<\/div>\n<div class=\"row pb-content-type-text\">\n<div class=\"col-xs-12 col-print-12\">\n<p class=\"element element-paragraph\">Por estos brotes de aftosa, la Organizaci\u00f3n Mundial de Sanidad Animal (OIE) retir\u00f3 a Colombia, en septiembre pasado, el estatus de pa\u00eds libre de la enfermedad, lo que le impide la exportaci\u00f3n de carne bovina.<\/p>\n<\/div>\n<\/div>\n<div class=\"row pb-content-type-text\">\n<div class=\"col-xs-12 col-print-12\">\n<p class=\"element element-paragraph\">En diciembre del pasado a\u00f1o, la OIE hab\u00eda restituido a Colombia el estatus de pa\u00eds libre de aftosa, luego que dejara atr\u00e1s un brote de la enfermedad.<\/p>\n<blockquote class=\"twitter-tweet\" data-width=\"550\" data-dnt=\"true\">\n<p lang=\"es\" dir=\"ltr\">Gobierno de Maduro anuncia cierre de frontera de intercambio comercial de animales y sub-productos procedentes de Colombia, como medida para &quot;proteger las fronteras ante el riesgo epidemiol\u00f3gico inminente&quot; por brote de fiebre aftosa. <a href=\"https:\/\/t.co\/jP1uo0CyMw\">pic.twitter.com\/jP1uo0CyMw<\/a><\/p>\n<p>&mdash; Gabriel Bastidas (@Gbastidas) <a href=\"https:\/\/twitter.com\/Gbastidas\/status\/1056983115011444736?ref_src=twsrc%5Etfw\">October 29, 2018<\/a><\/p><\/blockquote>\n<p><script async src=\"https:\/\/platform.twitter.com\/widgets.js\" charset=\"utf-8\"><\/script><\/p>\n<p><img decoding=\"async\" src=\"https:\/\/albertonews.com\/wp-content\/uploads\/2018\/10\/1-3.jpg\" \/><\/p>\n<p><img decoding=\"async\" src=\"https:\/\/albertonews.com\/wp-content\/uploads\/2018\/10\/2-3.jpg\" \/><\/p>\n<p><img decoding=\"async\" src=\"https:\/\/albertonews.com\/wp-content\/uploads\/2018\/10\/3-2.jpg\" \/><\/p>\n<div class=\"single-image\"><img decoding=\"async\" id=\"53KZFZYYI5AJPGDMQLEPS4527M\" class=\"image-lazy\" src=\"https:\/\/www.infobae.com\/new-resizer\/qAwN2P5ViqG4Usj3blyZSW6Gcgw=\/600x0\/filters:quality(100)\/s3.amazonaws.com\/arc-wordpress-client-uploads\/infobae-wp\/wp-content\/uploads\/2016\/12\/12210150\/frontera-venezuela-colombia-1.jpg\" alt=\"Efectivos de la Polic\u00eda de C\u00facuta (de un lado de la valla) y de la Guardia Nacional Bolivariana (del otro lado) en la frontera entre Venezuela y Colombia\" width=\"750\" height=\"421.875\" \/><\/div>\n<p><span class=\"credit\">Efectivos de la Polic\u00eda de C\u00facuta (de un lado de la valla) y de la Guardia Nacional Bolivariana (del otro lado) en la frontera entre Venezuela y Colombia<\/span><\/p>\n<div class=\"single-image\">\n<div class=\"shares\">\n<div class=\"share-button facebook\"><\/div>\n<\/div>\n<p><img decoding=\"async\" id=\"2ZR3XHWCSZFURL64TBNZFTWYAI\" class=\"image-lazy\" src=\"https:\/\/www.infobae.com\/new-resizer\/gVKVF0mxgmuep_uD7J1MNS4h4SU=\/600x0\/filters:quality(100)\/s3.amazonaws.com\/arc-wordpress-client-uploads\/infobae-wp\/wp-content\/uploads\/2016\/12\/21095119\/2016-12-20T213820Z_386777043_RC1821A811A0_RTRMADP_3_VENEZUELA-POLITICS.jpg\" alt=\"Un cruce de la frontera entre Venezuela y Colombia (Reuters)\" width=\"750\" height=\"421.484375\" \/><\/div>\n<p><span class=\"credit\">Un cruce de la frontera entre Venezuela y Colombia (Reuters)<\/span><\/p>\n<\/div>\n<\/div>\n<div class=\"row pb-content-type-text\">\n<div class=\"col-xs-12 col-print-12\">\n<p class=\"element element-paragraph\"><em>Con informaci\u00f3n de EFE<\/em><\/p>\n<p>Fuente: infobae.com &#8211; albertonews.com &#8211; twitter.com<\/p>\n<\/div>\n<\/div>\n<\/div>\n<\/div>\n<div class=\"gsp_post_data\" \r\n\t            data-post_type=\"post\" \r\n\t            data-cat=\"general,noticias-internacionales\" \r\n\t            data-modified=\"120\"\r\n\t            data-created=\"1540827194\"\r\n\t            data-title=\"Nicol\u00e1s Maduro anunci\u00f3 el cierre comercial de la frontera con Colombia\" \r\n\t            data-home=\"https:\/\/www.evafm.net\/sitio\"><\/div>","protected":false},"excerpt":{"rendered":"<p>El Gobierno de Venezuela anunci\u00f3 este lunes que procedi\u00f3 al cierre de la frontera comercial con Colombia ante el\u00a0\u00abriesgo epidemiol\u00f3gico inminente\u00bb\u00a0por el brote de fiebre aftosa detectado hace d\u00edas en el municipio colombiano de Maicao, situado en el departamento de La Guajira (norte). El ministro para la agricultura de Venezuela, Wilmar Castro Soteldo, dijo en&#8230;<\/p>\n","protected":false},"author":5,"featured_media":40945,"comment_status":"closed","ping_status":"open","sticky":false,"template":"","format":"standard","meta":{"_joinchat":[],"footnotes":""},"categories":[1720,1345],"tags":[],"class_list":["post-40943","post","type-post","status-publish","format-standard","has-post-thumbnail","hentry","category-general","category-noticias-internacionales","have-post-thumb"],"_links":{"self":[{"href":"https:\/\/www.evafm.net\/sitio\/wp-json\/wp\/v2\/posts\/40943","targetHints":{"allow":["GET"]}}],"collection":[{"href":"https:\/\/www.evafm.net\/sitio\/wp-json\/wp\/v2\/posts"}],"about":[{"href":"https:\/\/www.evafm.net\/sitio\/wp-json\/wp\/v2\/types\/post"}],"author":[{"embeddable":true,"href":"https:\/\/www.evafm.net\/sitio\/wp-json\/wp\/v2\/users\/5"}],"replies":[{"embeddable":true,"href":"https:\/\/www.evafm.net\/sitio\/wp-json\/wp\/v2\/comments?post=40943"}],"version-history":[{"count":1,"href":"https:\/\/www.evafm.net\/sitio\/wp-json\/wp\/v2\/posts\/40943\/revisions"}],"predecessor-version":[{"id":40946,"href":"https:\/\/www.evafm.net\/sitio\/wp-json\/wp\/v2\/posts\/40943\/revisions\/40946"}],"wp:featuredmedia":[{"embeddable":true,"href":"https:\/\/www.evafm.net\/sitio\/wp-json\/wp\/v2\/media\/40945"}],"wp:attachment":[{"href":"https:\/\/www.evafm.net\/sitio\/wp-json\/wp\/v2\/media?parent=40943"}],"wp:term":[{"taxonomy":"category","embeddable":true,"href":"https:\/\/www.evafm.net\/sitio\/wp-json\/wp\/v2\/categories?post=40943"},{"taxonomy":"post_tag","embeddable":true,"href":"https:\/\/www.evafm.net\/sitio\/wp-json\/wp\/v2\/tags?post=40943"}],"curies":[{"name":"wp","href":"https:\/\/api.w.org\/{rel}","templated":true}]}}