{"id":41150,"date":"2018-11-08T12:19:26","date_gmt":"2018-11-08T17:19:26","guid":{"rendered":"http:\/\/www.evafm.net\/sitio\/?p=41150"},"modified":"2018-11-08T12:20:05","modified_gmt":"2018-11-08T17:20:05","slug":"michel-temer-invito-a-jair-bolsonaro-a-que-lo-acompane-en-el-g20","status":"publish","type":"post","link":"https:\/\/www.evafm.net\/sitio\/michel-temer-invito-a-jair-bolsonaro-a-que-lo-acompane-en-el-g20\/","title":{"rendered":"Michel Temer invit\u00f3 a Jair Bolsonaro a que lo acompa\u00f1e en el G20"},"content":{"rendered":"<div class=\"row pb-content-type-text\">\n<div class=\"col-xs-12 col-print-12\">\n<p class=\"element element-paragraph\">El presidente electo de Brasil, Jair Bolsonaro, y el mandatario saliente, Michel\u00a0Temer, prometieron este mi\u00e9rcoles en Brasilia una transici\u00f3n \u00abfluida\u00bb entre sus gobiernos.<\/p>\n<\/div>\n<\/div>\n<div class=\"row pb-content-type-text\">\n<div class=\"col-xs-12 col-print-12\">\n<p class=\"element element-paragraph\">En una breve declaraci\u00f3n conjunta a la prensa en el Palacio de Planalto,\u00a0Temer -quien\u00a0asumi\u00f3 el poder en mayo de 2016 tras el impeachment de su ex aliada Dilma Rousseff- asegur\u00f3 que la colaboraci\u00f3n con Bolsonaro ser\u00e1 \u00abverdadera\u00bb y ofreci\u00f3 impulsar ante el Congreso proyectos que su sucesor considere prioritarios, antes del traspaso de funciones el 1\u00b0 de enero.<\/p>\n<\/div>\n<\/div>\n<div class=\"row pb-content-type-text\">\n<div class=\"col-xs-12 col-print-12\">\n<p class=\"element element-paragraph\"><strong>El mandatario saliente invit\u00f3 a Bolsonaro a acompa\u00f1arlo en viajes internacionales hasta el fin de su mandato, como la\u00a0cumbre\u00a0del\u00a0G20\u00a0a fines de este mes en Buenos Aires.\u00a0<\/strong>Pero no se sabe si el\u00a0presidente electo aceptar\u00e1, debido a que todav\u00eda se recupera de una pu\u00f1alada que recibi\u00f3 durante la campa\u00f1a electoral y deber\u00e1 pasar por una nueva cirug\u00eda.<\/p>\n<div class=\"row pb-content-type-text\">\n<div class=\"col-xs-12 col-print-12\">\n<p class=\"element element-paragraph\">El ex militar de 63 a\u00f1os, que tiene por delante el desaf\u00edo de aprobar en el Congreso un ambicioso plan de reformas para recuperar la econom\u00eda del gigante sudamericano, explic\u00f3 que en su encuentro con\u00a0Temer abordaron el asunto de la \u00abgobernabilidad\u00bb, y dijo que mantendr\u00e1 \u00abmuchas cosas\u00bb del gobierno de su predecesor.<\/p>\n<\/div>\n<\/div>\n<div class=\"row pb-content-type-text\">\n<div class=\"col-xs-12 col-print-12\">\n<p class=\"element element-paragraph\">\u00abLo buscar\u00e9 [a\u00a0Temer] en otras oportunidades, para que juntos podamos hacer una transici\u00f3n en la que los proyectos de inter\u00e9s de nuestro Brasil contin\u00faen fluyendo dentro de la normalidad\u00bb, agreg\u00f3 ante periodistas.<\/p>\n<\/div>\n<\/div>\n<div class=\"row pb-content-type-text\">\n<div class=\"col-xs-12 col-print-12\">\n<p class=\"element element-paragraph\">Antes, el futuro mandatario hab\u00eda afirmado que nadie puede \u00absalvar\u00bb a Brasil de la crisis sin contar con el apoyo de los dem\u00e1s poderes, tras reunirse con el comandante de la Aeron\u00e1utica y con el presidente del Supremo Tribunal Federal (STF), Dias Toffoli.<\/p>\n<div class=\"row pb-content-type-text\">\n<div class=\"col-xs-12 col-print-12\">\n<p class=\"element element-paragraph\"><strong>Primera mujer<\/strong><\/p>\n<\/div>\n<\/div>\n<div class=\"row pb-content-type-text\">\n<div class=\"col-xs-12 col-print-12\">\n<p class=\"element element-paragraph\">En su segundo d\u00eda de reuniones en Brasilia, el ex capit\u00e1n del Ej\u00e9rcito, cuestionado por sus comentarios mis\u00f3ginos, hom\u00f3fobos y racistas, nombr\u00f3 a la primera mujer que ser\u00e1 parte de su gobierno.<\/p>\n<\/div>\n<\/div>\n<div class=\"row pb-content-type-text\">\n<div class=\"col-xs-12 col-print-12\">\n<p class=\"element element-paragraph\">\u00ab\u00a1Buenas noches! Informo a todos la designaci\u00f3n de la se\u00f1ora Tereza Cristina da Costa Dias, Presidenta del Frente Parlamentario Agropecuario, para el puesto de Ministra de Agricultura\u00bb, escribi\u00f3 en Twitter, canal por el cual dijo que ir\u00e1 anunciando el nombramiento de sus futuros ministros.<\/p>\n<div class=\"row pb-content-type-text\">\n<div class=\"col-xs-12 col-print-12\">\n<p class=\"element element-paragraph\">Interrogado en la v\u00edspera sobre si alguna mujer comandar\u00eda uno de sus ministerios, hab\u00eda dicho que \u00abseguramente\u00bb, aunque en aquella oportunidad<strong>\u00a0minimiz\u00f3 la importancia de la representatividad de g\u00e9nero y racial en el poder.\u00a0<\/strong><\/p>\n<\/div>\n<\/div>\n<div class=\"row pb-content-type-text\">\n<div class=\"col-xs-12 col-print-12\">\n<p class=\"element element-paragraph\">Este mi\u00e9rcoles, reiter\u00f3 su postura: \u00abNo estoy preocupado con el color [de piel], sexo o sexualidad de quien est\u00e1 en mi equipo, sino con la misi\u00f3n de que Brasil crezca, de combatir el crimen organizado y la corrupci\u00f3n\u00bb, tuite\u00f3.<\/p>\n<\/div>\n<\/div>\n<div class=\"row pb-content-type-text\">\n<div class=\"col-xs-12 col-print-12\">\n<p class=\"element element-paragraph\">L\u00edder de la poderosa bancada ruralista del Congreso, cuyo apoyo fue vital en la victoria electoral de Bolsonaro, Teresa Cristina da Costa estar\u00e1 al frente de una cartera clave en Brasil, una de las mayores potencias agr\u00edcolas.<\/p>\n<\/div>\n<\/div>\n<div class=\"row pb-content-type-text\">\n<div class=\"col-xs-12 col-print-12\">\n<p class=\"element element-paragraph\">Con ella son seis los ministros nombrados por Bolsonaro hasta ahora: el ultraliberal Paulo Guedes en el superministerio de Econom\u00eda; el juez anticorrupci\u00f3n Sergio Moro en el de Justicia y Seguridad P\u00fablica; el diputado Onyx Lorenzoni en Casa Civil (jefatura de gabinete); el astronauta Marcos Pontes en Ciencia y Tecnolog\u00eda, y el general de reserva Augusto Heleno en Seguridad Institucional.<\/p>\n<\/div>\n<\/div>\n<div class=\"row pb-content-type-text\">\n<div class=\"col-xs-12 col-print-12\">\n<p class=\"element element-paragraph\"><strong>Planes confusos<\/strong><\/p>\n<\/div>\n<\/div>\n<div class=\"row pb-content-type-text\">\n<div class=\"col-xs-12 col-print-12\">\n<p class=\"element element-paragraph\">Bolsonaro prometi\u00f3 durante la campa\u00f1a reducir el n\u00famero de ministerios en el marco de un plan de recorte de gastos del Estado.<\/p>\n<\/div>\n<\/div>\n<div class=\"row pb-content-type-text\">\n<div class=\"col-xs-12 col-print-12\">\n<p class=\"element element-paragraph\">Pero tras su victoria el pasado 28 de octubre, sus anuncios han generado pol\u00e9mica y confusi\u00f3n.<\/p>\n<\/div>\n<\/div>\n<div class=\"row pb-content-type-text\">\n<div class=\"col-xs-12 col-print-12\">\n<p class=\"element element-paragraph\">Este mi\u00e9rcoles, anunci\u00f3 la supresi\u00f3n del ministerio de Trabajo, que ser\u00e1 \u00abincorporado\u00bb a alguna otra cartera, seg\u00fan dijo, sin especificar a cu\u00e1l.<\/p>\n<\/div>\n<\/div>\n<div class=\"row pb-content-type-text\">\n<div class=\"col-xs-12 col-print-12\">\n<p class=\"element element-paragraph\">El martes, cuando ya circulaban versiones sobre su desaparici\u00f3n, el ministerio y Fuerza Sindical, una de las principales centrales gremiales de Brasil, manifestaron su rechazo a esa iniciativa.<\/p>\n<\/div>\n<\/div>\n<div class=\"row pb-content-type-text\">\n<div class=\"col-xs-12 col-print-12\">\n<p class=\"element element-paragraph\">Seg\u00fan versiones de la prensa local, el equipo de Bolsonaro baraja fusionar el ministerio de Trabajo con el de Industria y Comercio Exterior.<\/p>\n<\/div>\n<\/div>\n<div class=\"row pb-content-type-text\">\n<div class=\"col-xs-12 col-print-12\">\n<p class=\"element element-paragraph\">En un principio, el ex militar afirm\u00f3 que recortar\u00eda el n\u00famero de ministerios de 29 a 15, pero este mi\u00e9rcoles sugiri\u00f3 que esa cifra podr\u00eda subir a 18.<\/p>\n<\/div>\n<\/div>\n<div class=\"row pb-content-type-text\">\n<div class=\"col-xs-12 col-print-12\">\n<p class=\"element element-paragraph\">El 30 de octubre, el mandatario electo anunci\u00f3 que fusionar\u00eda los ministerios de Agricultura y Medio Ambiente, pero en medio de agrias cr\u00edticas de sectores ambientalistas, e incluso de representantes del agronegocio, recul\u00f3 dos d\u00edas despu\u00e9s.<\/p>\n<\/div>\n<\/div>\n<div class=\"row pb-content-type-text\">\n<div class=\"col-xs-12 col-print-12\">\n<p class=\"element element-paragraph\">Al general de reserva Augusto Heleno, nombrado este mi\u00e9rcoles en Seguridad Institucional, lo hab\u00eda designado inicialmente en Defensa.<\/p>\n<p>&nbsp;<\/p>\n<blockquote class=\"twitter-tweet\" data-width=\"550\" data-dnt=\"true\">\n<p lang=\"pt\" dir=\"ltr\">Boa noite! Informo a todos a indica\u00e7\u00e3o da senhora Tereza Cristina da Costa Dias, Presidente da Frente Parlamentar da Agropecu\u00e1ria, ao posto de Ministra da Agricultura.<\/p>\n<p>&mdash; Jair M. Bolsonaro (@jairbolsonaro) <a href=\"https:\/\/twitter.com\/jairbolsonaro\/status\/1060263638026649610?ref_src=twsrc%5Etfw\">November 7, 2018<\/a><\/p><\/blockquote>\n<p><script async src=\"https:\/\/platform.twitter.com\/widgets.js\" charset=\"utf-8\"><\/script><\/p>\n<\/div>\n<\/div>\n<div class=\"row pb-content-type-text\">\n<div class=\"col-xs-12 col-print-12\">\n<p class=\"element element-paragraph\"><em>Por Eugenia Logiuratto\u00a0(AFP)<\/em><\/p>\n<p>Fuente: infobae.com &#8211; twitter.com<\/p>\n<\/div>\n<\/div>\n<p>&nbsp;<\/p>\n<\/div>\n<\/div>\n<\/div>\n<\/div>\n<\/div>\n<\/div>\n<div class=\"gsp_post_data\" \r\n\t            data-post_type=\"post\" \r\n\t            data-cat=\"noticias-internacionales\" \r\n\t            data-modified=\"120\"\r\n\t            data-created=\"1541679566\"\r\n\t            data-title=\"Michel Temer invit\u00f3 a Jair Bolsonaro a que lo acompa\u00f1e en el G20\" \r\n\t            data-home=\"https:\/\/www.evafm.net\/sitio\"><\/div>","protected":false},"excerpt":{"rendered":"<p>El presidente electo de Brasil, Jair Bolsonaro, y el mandatario saliente, Michel\u00a0Temer, prometieron este mi\u00e9rcoles en Brasilia una transici\u00f3n \u00abfluida\u00bb entre sus gobiernos. En una breve declaraci\u00f3n conjunta a la prensa en el Palacio de Planalto,\u00a0Temer -quien\u00a0asumi\u00f3 el poder en mayo de 2016 tras el impeachment de su ex aliada Dilma Rousseff- asegur\u00f3 que la&#8230;<\/p>\n","protected":false},"author":5,"featured_media":41152,"comment_status":"closed","ping_status":"open","sticky":false,"template":"","format":"standard","meta":{"_joinchat":[],"footnotes":""},"categories":[1345],"tags":[],"class_list":["post-41150","post","type-post","status-publish","format-standard","has-post-thumbnail","hentry","category-noticias-internacionales","have-post-thumb"],"_links":{"self":[{"href":"https:\/\/www.evafm.net\/sitio\/wp-json\/wp\/v2\/posts\/41150","targetHints":{"allow":["GET"]}}],"collection":[{"href":"https:\/\/www.evafm.net\/sitio\/wp-json\/wp\/v2\/posts"}],"about":[{"href":"https:\/\/www.evafm.net\/sitio\/wp-json\/wp\/v2\/types\/post"}],"author":[{"embeddable":true,"href":"https:\/\/www.evafm.net\/sitio\/wp-json\/wp\/v2\/users\/5"}],"replies":[{"embeddable":true,"href":"https:\/\/www.evafm.net\/sitio\/wp-json\/wp\/v2\/comments?post=41150"}],"version-history":[{"count":1,"href":"https:\/\/www.evafm.net\/sitio\/wp-json\/wp\/v2\/posts\/41150\/revisions"}],"predecessor-version":[{"id":41153,"href":"https:\/\/www.evafm.net\/sitio\/wp-json\/wp\/v2\/posts\/41150\/revisions\/41153"}],"wp:featuredmedia":[{"embeddable":true,"href":"https:\/\/www.evafm.net\/sitio\/wp-json\/wp\/v2\/media\/41152"}],"wp:attachment":[{"href":"https:\/\/www.evafm.net\/sitio\/wp-json\/wp\/v2\/media?parent=41150"}],"wp:term":[{"taxonomy":"category","embeddable":true,"href":"https:\/\/www.evafm.net\/sitio\/wp-json\/wp\/v2\/categories?post=41150"},{"taxonomy":"post_tag","embeddable":true,"href":"https:\/\/www.evafm.net\/sitio\/wp-json\/wp\/v2\/tags?post=41150"}],"curies":[{"name":"wp","href":"https:\/\/api.w.org\/{rel}","templated":true}]}}