{"id":41237,"date":"2018-11-11T10:36:32","date_gmt":"2018-11-11T15:36:32","guid":{"rendered":"http:\/\/www.evafm.net\/sitio\/?p=41237"},"modified":"2018-11-11T10:37:18","modified_gmt":"2018-11-11T15:37:18","slug":"spice-girls-agregaron-dos-fechas-mas-a-su-gira-de-2019","status":"publish","type":"post","link":"https:\/\/www.evafm.net\/sitio\/spice-girls-agregaron-dos-fechas-mas-a-su-gira-de-2019\/","title":{"rendered":"Spice Girls agregaron dos fechas m\u00e1s a su gira de 2019"},"content":{"rendered":"<div class=\"row pb-content-type-text\">\n<div class=\"col-xs-12 col-print-12\">\n<p class=\"element element-paragraph\"><strong>La reuni\u00f3n de las Spice Girls ha desatado tal furor en Gran Breta\u00f1a que tuvieron que agregar dos fechas m\u00e1s<\/strong>\u00a0a su gira de reuni\u00f3n del pr\u00f3ximo a\u00f1o.<\/p>\n<\/div>\n<\/div>\n<div class=\"row pb-content-type-text\">\n<div class=\"col-xs-12 col-print-12\">\n<p class=\"element element-paragraph\">La agrupaci\u00f3n, que fue un fen\u00f3meno en la d\u00e9cada de 1990, tuvo que\u00a0<strong>a\u00f1adir fechas en Londres y Manchester<\/strong>\u00a0luego que los fan\u00e1ticos se quejaron por la falta de boletos.<\/p>\n<\/div>\n<\/div>\n<div class=\"row pb-content-type-text\">\n<div class=\"col-xs-12 col-print-12\">\n<p class=\"element element-paragraph\">La gira de reuni\u00f3n ahora comenzara en el\u00a0<strong>Etihad Stadium en Manchester<\/strong>\u00a0el 31 de mayo.<\/p>\n<div class=\"row pb-content-type-text\">\n<div class=\"col-xs-12 col-print-12\">\n<p class=\"element element-paragraph\">El otro espect\u00e1culo adicional se llevar\u00e1 a cabo en el\u00a0<strong>Wembley Stadium de Londres el 15 de junio.<\/strong><\/p>\n<\/div>\n<\/div>\n<div class=\"row pb-content-type-text\">\n<div class=\"col-xs-12 col-print-12\">\n<p class=\"element element-paragraph\">Las fechas fueron agregadas luego de que los fan\u00e1ticos tuvieron\u00a0<strong>problemas para comprar boletos en internet<\/strong>\u00a0para las fechas originalmente anunciadas. Muchos se quejaron del tiempo que tuvieron que esperar.<\/p>\n<\/div>\n<\/div>\n<div class=\"row pb-content-type-text\">\n<div class=\"col-xs-12 col-print-12\">\n<p class=\"element element-paragraph\">La del 2019\u00a0ser\u00e1 la\u00a0<strong>primera gira del grupo desde el 2008 y su primera actuaci\u00f3n<\/strong>\u00a0desde la ceremonia de clausura de los juegos Ol\u00edmpicos de Londres 2012.<\/p>\n<div class=\"row pb-content-type-text\">\n<div class=\"col-xs-12 col-print-12\">\n<p class=\"element element-paragraph\">Las Spice Girls volver\u00e1n a cantar en los escenarios, pero sin Victoria \u00abPosh Spice\u00bb Beckham, quien se ha dedicado al dise\u00f1o de modas.<\/p>\n<p><img decoding=\"async\" src=\"https:\/\/www.infobae.com\/new-resizer\/J0DPsIFoyg60kKGXXMXViE8brBA=\/600x0\/filters:quality(100)\/s3.amazonaws.com\/arc-wordpress-client-uploads\/infobae-wp\/wp-content\/uploads\/2018\/11\/05155607\/GENTE-Spice-Girls2-5-11-2018.jpg\" \/><\/p>\n<p><img decoding=\"async\" src=\"https:\/\/www.infobae.com\/new-resizer\/j65RhLJoNb5Lid87rWDRnGDZzQY=\/600x0\/filters:quality(100)\/s3.amazonaws.com\/arc-wordpress-client-uploads\/infobae-wp\/wp-content\/uploads\/2018\/02\/02180518\/PARATI-SPICE-GIRLS02.jpg\" alt=\"Una de las primeras im\u00c3\u00a1genes de este a\u00c3\u00b1o desde su reencuentro\" \/><\/p>\n<\/div>\n<\/div>\n<div class=\"row pb-content-type-text\">\n<div class=\"col-xs-12 col-print-12\">\n<p class=\"element element-paragraph\"><em>Con informaci\u00f3n de AP<\/em><\/p>\n<p>Fuente: infobae.com<\/p>\n<\/div>\n<\/div>\n<\/div>\n<\/div>\n<\/div>\n<\/div>\n<div class=\"gsp_post_data\" \r\n\t            data-post_type=\"post\" \r\n\t            data-cat=\"farandula-internacional\" \r\n\t            data-modified=\"120\"\r\n\t            data-created=\"1541932592\"\r\n\t            data-title=\"Spice Girls agregaron dos fechas m\u00e1s a su gira de 2019\" \r\n\t            data-home=\"https:\/\/www.evafm.net\/sitio\"><\/div>","protected":false},"excerpt":{"rendered":"<p>La reuni\u00f3n de las Spice Girls ha desatado tal furor en Gran Breta\u00f1a que tuvieron que agregar dos fechas m\u00e1s\u00a0a su gira de reuni\u00f3n del pr\u00f3ximo a\u00f1o. La agrupaci\u00f3n, que fue un fen\u00f3meno en la d\u00e9cada de 1990, tuvo que\u00a0a\u00f1adir fechas en Londres y Manchester\u00a0luego que los fan\u00e1ticos se quejaron por la falta de boletos&#8230;.<\/p>\n","protected":false},"author":5,"featured_media":41238,"comment_status":"closed","ping_status":"open","sticky":false,"template":"","format":"standard","meta":{"_joinchat":[],"footnotes":""},"categories":[1346],"tags":[],"class_list":["post-41237","post","type-post","status-publish","format-standard","has-post-thumbnail","hentry","category-farandula-internacional","have-post-thumb"],"_links":{"self":[{"href":"https:\/\/www.evafm.net\/sitio\/wp-json\/wp\/v2\/posts\/41237","targetHints":{"allow":["GET"]}}],"collection":[{"href":"https:\/\/www.evafm.net\/sitio\/wp-json\/wp\/v2\/posts"}],"about":[{"href":"https:\/\/www.evafm.net\/sitio\/wp-json\/wp\/v2\/types\/post"}],"author":[{"embeddable":true,"href":"https:\/\/www.evafm.net\/sitio\/wp-json\/wp\/v2\/users\/5"}],"replies":[{"embeddable":true,"href":"https:\/\/www.evafm.net\/sitio\/wp-json\/wp\/v2\/comments?post=41237"}],"version-history":[{"count":2,"href":"https:\/\/www.evafm.net\/sitio\/wp-json\/wp\/v2\/posts\/41237\/revisions"}],"predecessor-version":[{"id":41240,"href":"https:\/\/www.evafm.net\/sitio\/wp-json\/wp\/v2\/posts\/41237\/revisions\/41240"}],"wp:featuredmedia":[{"embeddable":true,"href":"https:\/\/www.evafm.net\/sitio\/wp-json\/wp\/v2\/media\/41238"}],"wp:attachment":[{"href":"https:\/\/www.evafm.net\/sitio\/wp-json\/wp\/v2\/media?parent=41237"}],"wp:term":[{"taxonomy":"category","embeddable":true,"href":"https:\/\/www.evafm.net\/sitio\/wp-json\/wp\/v2\/categories?post=41237"},{"taxonomy":"post_tag","embeddable":true,"href":"https:\/\/www.evafm.net\/sitio\/wp-json\/wp\/v2\/tags?post=41237"}],"curies":[{"name":"wp","href":"https:\/\/api.w.org\/{rel}","templated":true}]}}